{"id":85957,"date":"2020-05-18T11:18:36","date_gmt":"2020-05-18T15:18:36","guid":{"rendered":"https:\/\/linitiative.ca\/International\/coronavirus-sabc-sensibilise-dans-les-debits-de-boisson\/"},"modified":"2020-05-18T11:18:36","modified_gmt":"2020-05-18T15:18:36","slug":"coronavirus-sabc-sensibilise-dans-les-debits-de-boisson","status":"publish","type":"post","link":"https:\/\/linitiative.ca\/International\/coronavirus-sabc-sensibilise-dans-les-debits-de-boisson\/","title":{"rendered":"Coronavirus : Sabc sensibilise dans les d\u00e9bits de boisson"},"content":{"rendered":"<div id=\"the-post\">\n<div class=\"featured-area featured-area-inner\"><img loading=\"lazy\" decoding=\"async\" width=\"712\" height=\"470\" src=\"https:\/\/ecomatin.net\/wp-content\/uploads\/2020\/05\/FB_IMG_15897952936894045-712x470.jpg\" class=\"attachment-jannah-image-post size-jannah-image-post wp-post-image\" alt=\"\" data-attachment-id=\"16058\" data-permalink=\"https:\/\/ecomatin.net\/coronavirus-sabc-sensibilise-dans-les-debits-de-boisson\/fb_img_15897952936894045\/\" data-orig-file=\"https:\/\/ecomatin.net\/wp-content\/uploads\/2020\/05\/FB_IMG_15897952936894045.jpg\" data-orig-size=\"712,474\" data-comments-opened=\"0\" data-image-meta=\"{&quot;aperture&quot;:&quot;0&quot;,&quot;credit&quot;:&quot;&quot;,&quot;camera&quot;:&quot;&quot;,&quot;caption&quot;:&quot;&quot;,&quot;created_timestamp&quot;:&quot;0&quot;,&quot;copyright&quot;:&quot;&quot;,&quot;focal_length&quot;:&quot;0&quot;,&quot;iso&quot;:&quot;0&quot;,&quot;shutter_speed&quot;:&quot;0&quot;,&quot;title&quot;:&quot;&quot;,&quot;orientation&quot;:&quot;0&quot;}\" data-image-title=\"FB_IMG_15897952936894045\" data-image-description=\"\" data-medium-file=\"https:\/\/ecomatin.net\/wp-content\/uploads\/2020\/05\/FB_IMG_15897952936894045-300x200.jpg\" data-large-file=\"https:\/\/ecomatin.net\/wp-content\/uploads\/2020\/05\/FB_IMG_15897952936894045.jpg\"\/><\/div>\n<div class=\"entry-content entry clearfix\" readability=\"40.861604738826\">\n<p>Le vendredi 15 mai, le Directeur g\u00e9n\u00e9ral du Groupe <strong>Sabc<\/strong> <strong>Emmanuel DE Tailly<\/strong>, accompagn\u00e9 du pr\u00e9sident national du Syndicat national des exploitants des d\u00e9bits de boissons du Cameroun (<strong>Synedeboc<\/strong>), Me <strong>Roger Tapa<\/strong> et le pr\u00e9sident national de l\u2019Association nationale des exploitants de d\u00e9bits de boissons du Cameroun (<strong>Anebca<\/strong>), Jean Pierre Fotio, ont effectu\u00e9 une descente de sensibilisation dans les points de vente de la ville de Douala.<\/p>\n<p class=\"has-background has-very-light-gray-background-color c2\"><strong>&gt;&gt;Lire aussi-<a href=\"https:\/\/ecomatin.net\/sabc-lance-un-programme-de-lavage-des-mains-dans-les-marches\/\">Sabc lance un programme de lavage des mains dans les march\u00e9s<\/a><\/strong><\/p>\n<p>Celle-ci avait pour objectifs de sensibiliser les responsables des points de vente et les consommateurs au strict respect des r\u00e8gles d\u2019hygi\u00e8nes et des gestes barri\u00e8res. Ces acteurs majeurs ont \u00e9galement dot\u00e9 les points de vente visit\u00e9s de solutions hydro-alcoolique. Selon le Directeur g\u00e9n\u00e9ral du Groupe Sabc, cette op\u00e9ration de sensibilisation va s\u2019\u00e9tendre dans les 100\u00a0000 points de vente sur l\u2019ensemble du territoire national.<\/p>\n<p>Cette nouvelle initiative vient s\u2019ajouter au programme de lavage des mains dans les principaux march\u00e9s des 10 r\u00e9gions du Cameroun qui est en cours dans le pays. Les r\u00e9gions du Littoral, du Nord-Ouest et du Sud ont d\u00e9j\u00e0 vu leurs principaux march\u00e9s \u00eatre \u00e9quip\u00e9s en dispositifs de lavage de mains aux effigies du Groupe.<\/p>\n<p class=\"has-background has-very-light-gray-background-color c2\"><strong>&gt;&gt;Lire aussi-<a href=\"https:\/\/ecomatin.net\/le-groupe-sabc-poursuit-sa-campagne-de-solidarite-dans-la-region-du-nord\/\">Le groupe Sabc poursuit sa campagne de solidarit\u00e9 dans la r\u00e9gion du Nord<\/a><\/strong><\/p>\n<div class=\"awac-wrapper awac widget posts-list-widget-13\">\n<h4 class=\"widget-title\">Recent Posts<\/h4>\n<\/div>\n<\/div>\n<\/div>\n<div readability=\"31.5\">\n<div class=\"container-wrapper subscribe-widget widget-inner-wrap subscribe-widget-content\" id=\"post-newsletter\" readability=\"33\">\n<h4>With Product You Purchase<\/h4>\n<h3>Subscribe to our mailing list to get the new updates!<\/h3>\n<p>Lorem ipsum dolor sit amet, consectetur.<\/p>\n<\/div>\n<\/div>\n<p>Auteur: EcoMatin<br \/>\n<a href=\"https:\/\/ecomatin.net\/coronavirus-sabc-sensibilise-dans-les-debits-de-boisson\/\">Cliquez ici pour lire l&rsquo;article depuis sa source.<\/a><\/p>\n","protected":false},"excerpt":{"rendered":"<p>Le vendredi 15 mai, le Directeur g\u00e9n\u00e9ral du Groupe Sabc Emmanuel DE Tailly, accompagn\u00e9 du pr\u00e9sident national du Syndicat national des exploitants des d\u00e9bits de boissons du Cameroun (Synedeboc), Me Roger Tapa et le pr\u00e9sident national de l\u2019Association nationale des exploitants de d\u00e9bits de boissons du Cameroun (Anebca), Jean Pierre Fotio, ont effectu\u00e9 une descente [&hellip;]<\/p>\n","protected":false},"author":1969,"featured_media":85958,"comment_status":"closed","ping_status":"closed","sticky":false,"template":"","format":"standard","meta":{"fifu_image_url":"","fifu_image_alt":"","footnotes":""},"categories":[82,78],"tags":[],"class_list":["post-85957","post","type-post","status-publish","format-standard","has-post-thumbnail","hentry","category-cameroun","category-economie"],"_links":{"self":[{"href":"https:\/\/linitiative.ca\/International\/wp-json\/wp\/v2\/posts\/85957","targetHints":{"allow":["GET"]}}],"collection":[{"href":"https:\/\/linitiative.ca\/International\/wp-json\/wp\/v2\/posts"}],"about":[{"href":"https:\/\/linitiative.ca\/International\/wp-json\/wp\/v2\/types\/post"}],"author":[{"embeddable":true,"href":"https:\/\/linitiative.ca\/International\/wp-json\/wp\/v2\/users\/1969"}],"replies":[{"embeddable":true,"href":"https:\/\/linitiative.ca\/International\/wp-json\/wp\/v2\/comments?post=85957"}],"version-history":[{"count":0,"href":"https:\/\/linitiative.ca\/International\/wp-json\/wp\/v2\/posts\/85957\/revisions"}],"wp:featuredmedia":[{"embeddable":true,"href":"https:\/\/linitiative.ca\/International\/wp-json\/"}],"wp:attachment":[{"href":"https:\/\/linitiative.ca\/International\/wp-json\/wp\/v2\/media?parent=85957"}],"wp:term":[{"taxonomy":"category","embeddable":true,"href":"https:\/\/linitiative.ca\/International\/wp-json\/wp\/v2\/categories?post=85957"},{"taxonomy":"post_tag","embeddable":true,"href":"https:\/\/linitiative.ca\/International\/wp-json\/wp\/v2\/tags?post=85957"}],"curies":[{"name":"wp","href":"https:\/\/api.w.org\/{rel}","templated":true}]}}