{"id":85967,"date":"2020-05-19T09:57:11","date_gmt":"2020-05-19T13:57:11","guid":{"rendered":"https:\/\/linitiative.ca\/International\/aymane-serhani-le-clip-en-selfie-est-devenu-ma-marque-de-fabrique\/"},"modified":"2020-05-19T09:57:11","modified_gmt":"2020-05-19T13:57:11","slug":"aymane-serhani-le-clip-en-selfie-est-devenu-ma-marque-de-fabrique","status":"publish","type":"post","link":"https:\/\/linitiative.ca\/International\/aymane-serhani-le-clip-en-selfie-est-devenu-ma-marque-de-fabrique\/","title":{"rendered":"Aymane Serhani : \u00abLe clip en selfie est devenu ma marque de fabrique\u00bb"},"content":{"rendered":"<p><img decoding=\"async\" class=\"post_layout_5_img\" src=\"http:\/\/aujourdhui.ma\/wp-content\/uploads\/2020\/05\/Aymane-Serhani.jpg\" alt=\"Aymane Serhani : &#xAB;Le clip en selfie est devenu ma marque de fabrique&#xBB;\"\/><\/p>\n<p><span class=\"c7\"><strong>Entretien avec Aymane Serhani, chanteur franco-marocain<\/strong><\/span><br \/><span id=\"more-345366\"\/><\/p>\n<p><span class=\"c8\">Le chanteur franco-marocain Aymane Serhani lancera apr\u00e8s l\u2019A\u00efd son nouveau single appel\u00e9 \u00abAna Telle3tek bezzaf\u00bb. Un teaser de ce tube partag\u00e9 sur YouTube laisse entendre de belles m\u00e9lodies de ra\u00ef en saxophone. De quoi faire le succ\u00e8s de ce nouveau morceau. Dans cet entretien, l\u2019artiste s\u2019exprime sur la particularit\u00e9 de ce lancement. Il livre \u00e9galement ses regards sur le style du ra\u00ef qui est devenu, \u00e0 son sens, un march\u00e9 en plein d\u00e9veloppement. Le chanteur se confie par ailleurs sur le fait d\u2019\u00eatre pr\u00e9curseur dans l\u2019utilisation du selfie en tournage de vid\u00e9oclips.<\/span><\/p>\n<p><strong>ALM : Vous vous appr\u00eatez \u00e0 lancer un nouveau single. Pourriez-vous nous en r\u00e9v\u00e9ler les dessous ?<\/strong><\/p>\n<p><strong>Aymane Serhani :<\/strong> C\u2019est un tube que je lancerai le 25 mai courant sur YouTube avec un vid\u00e9oclip d\u00e9j\u00e0 tourn\u00e9. Intitul\u00e9 \u00abAna Telle3tek bezzaf\u00bb (Je t\u2019ai trop hiss\u00e9e), ce morceau est \u00e9crit par Ryad Chiali qui a particip\u00e9 \u00e0 la composition \u00e0 mes c\u00f4t\u00e9s. Quant \u00e0 l\u2019arrangement, il est fait par Bounassim et le pianiste, Safir. Pour l\u2019heure, le teaser du clip est d\u00e9j\u00e0 partag\u00e9 sur la m\u00eame plate-forme de vid\u00e9os.<\/p>\n<p><strong>Quelle serait la particularit\u00e9 de ce lancement ?<\/strong><\/p>\n<p>La singularit\u00e9 r\u00e9side dans le fait qu\u2019il sera fait \u00e0 partir du Maroc o\u00f9 je suis confin\u00e9. Aussi, cette \u0153uvre sera disponible sur les diff\u00e9rentes plates-formes \u00e9lectroniques arabes et mondiales ainsi que les cha\u00eenes maghr\u00e9bines.<\/p>\n<p><strong>Vous \u00eates fort connu en ra\u00ef et vous en avez accompagn\u00e9 l\u2019\u00e9volution. Quel \u00e9tat de lieux faites-vous de ce style actuellement ?<\/strong><\/p>\n<p>Le ra\u00ef est devenu aujourd\u2019hui un m\u00e9lange de plusieurs styles musicaux. C\u2019est cela qui est beau. Je trouve cela aussi merveilleux. Actuellement, on peut chanter des m\u00e9lodies 100% ra\u00ef sur des instruments occidentaux qui n\u2019ont rien \u00e0 voir avec ce style. Et c\u2019est prometteur. Le ra\u00ef a \u00e9galement pris beaucoup d\u2019ampleur. Donc c\u2019est devenu un march\u00e9 en d\u00e9veloppement. Il y a d\u00e9j\u00e0 un tr\u00e8s bon r\u00e9sultat. Je suis tr\u00e8s content par rapport \u00e0 cela. A mon sens, c\u2019est un march\u00e9 dans lequel on peut faire des choses incroyables et surprenantes. J\u2019esp\u00e8re que cela continuera et je pense que cela va continuer.<\/p>\n<p><strong>Comment garantissez-vous votre renomm\u00e9e dans un milieu artistique plein de talents dans ce style ?<\/strong><\/p>\n<p>Je me suis toujours dit que c\u2019est un milieu dans lequel le soleil brille pour tout le monde. Pour me garantir une renomm\u00e9e, je mets toutes les chances de mon c\u00f4t\u00e9. C\u2019est ce qu\u2019il faut faire d\u2019ailleurs. Pour ma part, je travaille r\u00e9guli\u00e8rement et rigoureusement. Apr\u00e8s c\u2019est la volont\u00e9 divine qui donne et d\u00e9cide. Par contre, je ne peux pas garantir \u00e0 100% ma carri\u00e8re ou celle de quelqu\u2019un d\u2019autre. En fait, les talents ne datent pas d\u2019aujourd\u2019hui. Il y en a plein depuis longtemps. De mon c\u00f4t\u00e9, cela fait d\u00e9j\u00e0 six ans que je chante. Ce n\u2019est pas pour autant que lorsque je suis arriv\u00e9 dans le domaine que d\u2019autres personnes se sont \u00e9teintes. Il y a des personnes qui sont plus anciennes que moi et elles sont encore l\u00e0. Elles ont eu du succ\u00e8s. J\u2019en ai eu aussi. Dieu merci.<\/p>\n<p><a href=\"https:http:\/\/aujourdhui.ma\/wp-content\/uploads\/2020\/05\/Aymane-Serhani-1.jpg\"><img loading=\"lazy\" decoding=\"async\" class=\"size-full wp-image-345368 aligncenter\" src=\"http:\/\/aujourdhui.ma\/wp-content\/uploads\/2020\/05\/Aymane-Serhani-1.jpg\" alt=\"\" width=\"500\" height=\"500\" srcset=\"http:\/\/aujourdhui.ma\/wp-content\/uploads\/2020\/05\/Aymane-Serhani-1.jpg 500w, \/\/aujourdhui.ma\/wp-content\/uploads\/2020\/05\/Aymane-Serhani-1-300x300.jpg 300w, \/\/aujourdhui.ma\/wp-content\/uploads\/2020\/05\/Aymane-Serhani-1-150x150.jpg 150w, \/\/aujourdhui.ma\/wp-content\/uploads\/2020\/05\/Aymane-Serhani-1-36x36.jpg 36w\" sizes=\"auto, (max-width: 500px) 100vw, 500px\"\/><\/a><\/p>\n<p><strong>C\u2019est donc une r\u00e8gle d\u2019or que vous partagez avec d\u2019autres artistes ?<\/strong><\/p>\n<p>Oui. Pour garantir sa renomm\u00e9e, il faut mettre toutes les chances de son c\u00f4t\u00e9, travailler r\u00e9guli\u00e8rement et rigoureusement. Et la chance sourit \u00e0 tout le monde.<\/p>\n<p><strong>Vous \u00eates un pr\u00e9curseur en vid\u00e9oclips en selfie. D\u2019autres artistes ont tendance \u00e0 recourir \u00e0 cette m\u00e9thode. Comment continuez-vous \u00e0 vous y distinguer ?<\/strong><\/p>\n<p>En quelque sorte, c\u2019est devenu ma marque de fabrique. S\u2019ils ont eu recours au selfie, c\u2019est que cela a march\u00e9 et a eu un grand succ\u00e8s. Dieu merci. En tous cas, tout l\u2019honneur me revient.<\/p>\n<div class=\"base-box mom_box_sc_custom mom_box_sc clear c10\" readability=\"37\">\n<p><span class=\"c9\">Outre les clips en selfie, Aymane Serhani a brill\u00e9 dans le style des singles \u00abWay Way\u00bb. Son r\u00e9pertoire contient plusieurs \u0153uvres phares ayant connu un large succ\u00e8s au Maghreb et parmi la communaut\u00e9 arabe et maghr\u00e9bine en Europe.<\/span><\/p>\n<p><span class=\"c9\">Ses tubes ont atteint des millions de vues sur YouTube et lui ont valu une forte demande dans les plus grands festivals de la r\u00e9gion. Ainsi, il a, entre autres, chant\u00e9 \u00abTonton\u00bb, \u00abNtiya Mon Koulch \u00bb (Tu es mon tout), \u00abGalthali Mimti\u00bb (Ma m\u00e8re m\u2019a dit), \u00abLa beaut\u00e9\u00bb, \u00abDrabha Sahebha\u00bb (Son copain l\u2019a battue), \u00abLay Lay\u00bb, \u00abHayat\u00bb, \u00abFles vacances semouk tebghini\u00bb (Tu m\u2019aimes en vacances), \u00abKrit L\u2019message\u00bb (J\u2019ai lu le message), \u00abNebghi Djini bsurvet\u00bb (Je veux que tu viennes avec un surv\u00eatement), \u00ab Ntiya walou \u00bb (Tu n\u2019es rien), \u00ab Had Zine jay men l\u2019Allemagne \u00bb (Cette beaut\u00e9 vient d\u2019Allemagne), \u00ab La taille 38 \u00bb, \u00ab Labssa jellaba \u00bb (Elle porte une djellaba), \u00ab Oula andi b\u00e9b\u00e9 \u00bb (J\u2019ai d\u00e9sormais un b\u00e9b\u00e9), \u00ab Jarti habltni \u00bb (Ma voisine m\u2019a flipp\u00e9), \u00ab Lune de miel), \u00ab Nti Lgalb \u00bb (Tu es mon c\u0153ur) et \u00ab Lila Hadi \u00bb (Quelle nuit). Pour rappel, l\u2019artiste est originaire d\u2019Oujda, il est n\u00e9 \u00e0 Lille (France) o\u00f9 il a grandi.<\/span><\/p>\n<\/div>\n<p>Auteur: Salima Guisser<br \/>\n<a href=\"https:\/\/aujourdhui.ma\/culture\/musique\/aymane-serhani-le-clip-en-selfie-est-devenu-ma-marque-de-fabrique\">Cliquez ici pour lire l&rsquo;article depuis sa source.<\/a><\/p>\n","protected":false},"excerpt":{"rendered":"<p>Entretien avec Aymane Serhani, chanteur franco-marocain Le chanteur franco-marocain Aymane Serhani lancera apr\u00e8s l\u2019A\u00efd son nouveau single appel\u00e9 \u00abAna Telle3tek bezzaf\u00bb. Un teaser de ce tube partag\u00e9 sur YouTube laisse entendre de belles m\u00e9lodies de ra\u00ef en saxophone. De quoi faire le succ\u00e8s de ce nouveau morceau. Dans cet entretien, l\u2019artiste s\u2019exprime sur la particularit\u00e9 [&hellip;]<\/p>\n","protected":false},"author":1759,"featured_media":85968,"comment_status":"closed","ping_status":"closed","sticky":false,"template":"","format":"standard","meta":{"fifu_image_url":"","fifu_image_alt":"","footnotes":""},"categories":[73,54],"tags":[],"class_list":["post-85967","post","type-post","status-publish","format-standard","has-post-thumbnail","hentry","category-actualite","category-maroc"],"_links":{"self":[{"href":"https:\/\/linitiative.ca\/International\/wp-json\/wp\/v2\/posts\/85967","targetHints":{"allow":["GET"]}}],"collection":[{"href":"https:\/\/linitiative.ca\/International\/wp-json\/wp\/v2\/posts"}],"about":[{"href":"https:\/\/linitiative.ca\/International\/wp-json\/wp\/v2\/types\/post"}],"author":[{"embeddable":true,"href":"https:\/\/linitiative.ca\/International\/wp-json\/wp\/v2\/users\/1759"}],"replies":[{"embeddable":true,"href":"https:\/\/linitiative.ca\/International\/wp-json\/wp\/v2\/comments?post=85967"}],"version-history":[{"count":0,"href":"https:\/\/linitiative.ca\/International\/wp-json\/wp\/v2\/posts\/85967\/revisions"}],"wp:featuredmedia":[{"embeddable":true,"href":"https:\/\/linitiative.ca\/International\/wp-json\/"}],"wp:attachment":[{"href":"https:\/\/linitiative.ca\/International\/wp-json\/wp\/v2\/media?parent=85967"}],"wp:term":[{"taxonomy":"category","embeddable":true,"href":"https:\/\/linitiative.ca\/International\/wp-json\/wp\/v2\/categories?post=85967"},{"taxonomy":"post_tag","embeddable":true,"href":"https:\/\/linitiative.ca\/International\/wp-json\/wp\/v2\/tags?post=85967"}],"curies":[{"name":"wp","href":"https:\/\/api.w.org\/{rel}","templated":true}]}}