{"id":85971,"date":"2020-05-19T10:24:22","date_gmt":"2020-05-19T14:24:22","guid":{"rendered":"https:\/\/linitiative.ca\/International\/un-grand-homme-de-la-gauche-espagnole-sen-va\/"},"modified":"2020-05-19T10:24:22","modified_gmt":"2020-05-19T14:24:22","slug":"un-grand-homme-de-la-gauche-espagnole-sen-va","status":"publish","type":"post","link":"https:\/\/linitiative.ca\/International\/un-grand-homme-de-la-gauche-espagnole-sen-va\/","title":{"rendered":"Un grand homme de la Gauche espagnole s\u2019en va\u2026"},"content":{"rendered":"<p class=\"has-text-color has-vivid-red-color c2\"><strong>D\u00e9c\u00e8s de Julio Anguita, ex-secr\u00e9taire g\u00e9n\u00e9ral du PCE<\/strong><\/p>\n<p><strong>Julio Anguita, une figure de proue de l\u2019Espagne contemporaine, s\u2019est \u00e9teint, samedi dernier \u00e0 Cordoue, \u00e0 l\u2019\u00e2ge de 78 ans. Il \u00e9tait Secr\u00e9taire g\u00e9n\u00e9ral du Parti communiste d\u2019Espagne, entre 1988 et 1998, et avait occup\u00e9, entre 1989 et 2000, le poste de coordinateur f\u00e9d\u00e9ral de l\u2019\u00abIzquierda Unida\u00bb, une alliance politique et \u00e9lectorale dirig\u00e9e par le PCE.<\/strong><\/p>\n<p><strong>Julio Angueta avait rejoint le PCE clandestin en 1972 alors que la dictature du g\u00e9n\u00e9ral Franco battait son plein avant de devenir moribonde.<\/strong><\/p>\n<p><strong>Ce fut le temps o\u00f9 Santiago Carrillo et Dolores Ibarruri (La Passionaria), la pr\u00e9sidente du PCE et auteure de la fameuse phrase \u00abNu pasaran!\u00bb, \u00e9taient en exil et assuraient la direction du parti.<\/strong><\/p>\n<p><strong>C\u2019est dans ces conditions que Julio Anguita a fait ses premi\u00e8res armes militantes.<\/strong><\/p>\n<p class=\"has-text-color has-vivid-red-color c2\"><strong>Premier maire communiste de Cordoue<\/strong><\/p>\n<p><strong>Il faisait partie de cette premi\u00e8re g\u00e9n\u00e9ration d\u2019\u00e9lus d\u00e9mocrates qui avait marqu\u00e9 l\u2019Espagne de l\u2019apr\u00e8s Franco.\u00a0<\/strong><\/p>\n<p><strong>Il \u00e9tait le premier maire communiste de Cordoue, lors de la p\u00e9riode de transition, en 1979, puis il avait rebiff\u00e9 en 1983, pour un second mandat jusqu\u2019en 1986.<\/strong><\/p>\n<p><strong>Il a \u00e9t\u00e9 \u00e9galement \u00e9lu d\u00e9put\u00e9 r\u00e9gional d\u2019Andalousie et aux Cortes (le Congr\u00e8s des d\u00e9put\u00e9s espagnols).<\/strong><\/p>\n<p><strong>Et c\u2019est \u00e0 partir de 1988 que Julio Anguita jouera un r\u00f4le de premier plan au niveau du parti communiste. Il sera port\u00e9 \u00e0 la t\u00eate du PCE, apr\u00e8s le d\u00e9part de l\u2019ex-secr\u00e9taire g\u00e9n\u00e9ral Gerardo Engles, qui avait h\u00e9rit\u00e9 de Santiago Carrillo un parti divis\u00e9 et secou\u00e9 par plusieurs tendances inconciliables et au score \u00e9lectoral le plus bas de son Histoire.<\/strong><\/p>\n<p class=\"has-text-color has-vivid-red-color c2\"><strong>Le \u00abProf\u00bb et le \u00abKalife de Cordoue\u00bb<\/strong><\/p>\n<p><strong>C\u2019est \u00e0 ce moment l\u00e0 que Anguita prouvera ses capacit\u00e9s \u00e0 tenter de refonder le PCE, gr\u00e2ce \u00e0 ses grandes qualit\u00e9s intellectuelles et d\u2019historien. \u00a0<\/strong><\/p>\n<p><strong>Professeur d\u2019histoire \u00e0 l\u2019Universit\u00e9 de Cordoue, sa m\u00e9thodologie faite de didactique et de p\u00e9dagogie politique lui ont valu le sobriquet de \u00abLe prof\u00bb.<\/strong><\/p>\n<p><strong>Notre camarade l\u2019historien Abdelouahed Akmir, \u00a0un ami du d\u00e9funt, lui, retient plus celui du titre de \u00abcalife rouge\u00bb que la presse lui attribuait, pour avoir d\u00e9fendu ardemment pour le droit des musulmans d\u2019avoir une mosqu\u00e9e \u00e0 Cordoue.<\/strong><\/p>\n<p><strong>Le m\u00eame surnom \u00e9tait surtout d\u00fb, en comparaison avec le khalife de la dynastie des Amaouites, \u00e0 ses nombreuses r\u00e9alisations en tant que maire de cette ville de l\u2019Andalousie qu\u2019il avait dans le c\u0153ur et dans l\u2019\u00e2me.<\/strong><\/p>\n<p><strong>Mais sa popularit\u00e9 avait d\u00e9pass\u00e9 l\u2019Andalousie natale (il est n\u00e9 \u00e0 Fuengirola) pour atteindre le grand Madrid et la Catalogne pour ne citer que ces deux importantes r\u00e9gions d\u2019Espagne, o\u00f9 il jouissait, partout, d\u2019un grand respect pour son honn\u00eatet\u00e9, sa droiture et son humanisme, d\u00e9passant sa stature d\u2019homme politique chevronn\u00e9.<\/strong><\/p>\n<p class=\"has-text-color has-vivid-red-color c2\"><strong>Un homme politique de grand talent<\/strong><\/p>\n<p><strong>Avec son arriv\u00e9e \u00e0 la t\u00eate du PCE, en 1987, il a port\u00e9 la pens\u00e9e de la Gauche espagnole, obligeant le PSOE (Parti socialiste ouvrier d\u2019Espagne) \u00e0 changer sa formule qui voulait engloutir le PCE, passant de \u00abLa Maison commune\u00bb\u00a0 \u00e0 \u00abLa cause commune\u00bb et envisager des alliances dans l\u2019ind\u00e9pendance de chacun des deux partis.<\/strong><\/p>\n<p><strong>Ainsi, il a r\u00e9ussi \u00e0 am\u00e9liorer sensiblement, en 1996, le score \u00e9lectoral du PCE et de l\u2019IU, pour d\u00e9passer la barre des 10% et une vingtaine de d\u00e9put\u00e9s.<\/strong><\/p>\n<p class=\"has-text-color has-vivid-red-color c2\"><strong>Un dirigeant historique<\/strong><\/p>\n<p><strong>Aussi, Julio Anguita s\u2019est distingu\u00e9, parmi les leaders historiques du PCE, pour avoir \u00e9t\u00e9 le premier intellectuel \u00e0 diriger le parti, depuis Jose Dias, SG de 1930 \u00e0 1944, qui \u00e9tait boulanger. Aguito n\u2019avait pas la r\u00e9putation de\u00a0 Dolores Irraburi, La \u00abpassionaria\u00bb, SG du PCE entre 1944 et 1954, d\u00e9put\u00e9e aux Cortes, en 1936, et porte-drapeau de La III\u00e8me R\u00e9publique en guerre contre le fascisme de Franco.<\/strong><\/p>\n<p><strong>Il se distinguait aussi de Santiago Carrillo, initialement apprenti \u00e0 l\u2019imprimerie, qui assura, avec Ibarruri, la survie du parti lors de la clandestinit\u00e9, depuis l\u2019exil, et son incrustation dans la vie politique apr\u00e8s la chute de la dictature de Franco.<\/strong><\/p>\n<p><strong>Et si le contexte et les conditions, objectives et subjectives, \u00e9taient diff\u00e9rents, le hasard de la vie a voulu que, avec les deux derniers SG du PCE, il a \u00e9t\u00e9 secou\u00e9 par le m\u00eame drame familial. La Pasionaria avait perdu l\u2019un de ses deux enfants\u00a0 dans la bataille de Stalingrad o\u00f9, exil\u00e9, il s\u2019\u00e9tait engag\u00e9 dans l\u2019Arm\u00e9e Rouge et d\u00e9fendait la r\u00e9publique des Soviets contre le nazisme lors de la seconde guerre mondiale.<\/strong><\/p>\n<p><strong>Carrillo, lui, perdra sa fille, infect\u00e9e lors du confinement, apr\u00e8s l\u2019avoir sauv\u00e9e, en m\u00eame temps que sa campagne, en les faisant fuir de Madrid jusqu\u2019en France\u2026<\/strong><\/p>\n<p><strong>Julio Aguita, lui aussi, a v\u00e9cu un drame similaire avec le d\u00e9c\u00e8s de son fils, en 2003 en Irak, atteint par un missile quand il couvrait, en journaliste de guerre, l\u2019invasion am\u00e9ricaine.<\/strong><\/p>\n<p><strong>Il faudra dire que, depuis cette date, Julio, fortement affect\u00e9, s\u2019est retir\u00e9, progressivement de la sc\u00e8ne politique, pr\u00e9f\u00e9rant s\u2019investir dans la base militante et la soci\u00e9t\u00e9 civile, au sein du Collectif Prometheus et du \u00abFrente C\u00edvico Somos Mayor\u00eda\u00bb, dont il \u00e9tait le fondateur.<\/strong><\/p>\n<p><strong>A la fin de sa vie, il deviendra le \u00absage de l\u2019Espagne\u00bb chez qui les politiques trouvaient conseil, tant Il \u00e9tait connu pour son intellectualisme, ses r\u00e9flexions, analyses et\u00a0 critiques pertinentes.<\/strong><\/p>\n<p><strong>Il laisse limage d\u2019un fin analyste de l\u2019historie du marxisme et de militant d\u00e9vou\u00e9 aux causes des peuples d\u2019Espagne.<\/strong><\/p>\n<p><strong>Qu\u2019il repose en paix.<\/strong><\/p>\n<p class=\"c3\"><strong>Mohamed Khalil<\/strong><\/p>\n<p>Auteur: M&rsquo;hammed rahal<br \/>\n<a href=\"http:\/\/albayane.press.ma\/un-grand-homme-de-la-gauche-espagnole-sen-va.html\">Cliquez ici pour lire l&rsquo;article depuis sa source.<\/a><\/p>\n","protected":false},"excerpt":{"rendered":"<p>D\u00e9c\u00e8s de Julio Anguita, ex-secr\u00e9taire g\u00e9n\u00e9ral du PCE Julio Anguita, une figure de proue de l\u2019Espagne contemporaine, s\u2019est \u00e9teint, samedi dernier \u00e0 Cordoue, \u00e0 l\u2019\u00e2ge de 78 ans. Il \u00e9tait Secr\u00e9taire g\u00e9n\u00e9ral du Parti communiste d\u2019Espagne, entre 1988 et 1998, et avait occup\u00e9, entre 1989 et 2000, le poste de coordinateur f\u00e9d\u00e9ral de l\u2019\u00abIzquierda Unida\u00bb, [&hellip;]<\/p>\n","protected":false},"author":1760,"featured_media":0,"comment_status":"closed","ping_status":"closed","sticky":false,"template":"","format":"standard","meta":{"fifu_image_url":"","fifu_image_alt":"","footnotes":""},"categories":[73,54],"tags":[],"class_list":["post-85971","post","type-post","status-publish","format-standard","hentry","category-actualite","category-maroc"],"_links":{"self":[{"href":"https:\/\/linitiative.ca\/International\/wp-json\/wp\/v2\/posts\/85971","targetHints":{"allow":["GET"]}}],"collection":[{"href":"https:\/\/linitiative.ca\/International\/wp-json\/wp\/v2\/posts"}],"about":[{"href":"https:\/\/linitiative.ca\/International\/wp-json\/wp\/v2\/types\/post"}],"author":[{"embeddable":true,"href":"https:\/\/linitiative.ca\/International\/wp-json\/wp\/v2\/users\/1760"}],"replies":[{"embeddable":true,"href":"https:\/\/linitiative.ca\/International\/wp-json\/wp\/v2\/comments?post=85971"}],"version-history":[{"count":0,"href":"https:\/\/linitiative.ca\/International\/wp-json\/wp\/v2\/posts\/85971\/revisions"}],"wp:attachment":[{"href":"https:\/\/linitiative.ca\/International\/wp-json\/wp\/v2\/media?parent=85971"}],"wp:term":[{"taxonomy":"category","embeddable":true,"href":"https:\/\/linitiative.ca\/International\/wp-json\/wp\/v2\/categories?post=85971"},{"taxonomy":"post_tag","embeddable":true,"href":"https:\/\/linitiative.ca\/International\/wp-json\/wp\/v2\/tags?post=85971"}],"curies":[{"name":"wp","href":"https:\/\/api.w.org\/{rel}","templated":true}]}}