{"id":85972,"date":"2020-05-19T10:34:53","date_gmt":"2020-05-19T14:34:53","guid":{"rendered":"https:\/\/linitiative.ca\/International\/un-projet-de-loi-de-finances-rectificative-sera-elabore-dans-les-prochains-jours%ef%bb%bf\/"},"modified":"2020-05-19T10:34:53","modified_gmt":"2020-05-19T14:34:53","slug":"un-projet-de-loi-de-finances-rectificative-sera-elabore-dans-les-prochains-jours%ef%bb%bf","status":"publish","type":"post","link":"https:\/\/linitiative.ca\/International\/un-projet-de-loi-de-finances-rectificative-sera-elabore-dans-les-prochains-jours%ef%bb%bf\/","title":{"rendered":"Un projet de loi de finances rectificative sera \u00e9labor\u00e9 dans les prochains jours\ufeff"},"content":{"rendered":"<p class=\"has-text-color c2\"><strong>Un projet de loi de finances rectificative sera \u00e9labor\u00e9 dans les prochains jours, a annonc\u00e9 le chef du gouvernement, Sa\u00e2d Dine El Otmani, lundi devant les deux chambres du parlement.<\/strong><\/p>\n<p>\u00abVu les mutations li\u00e9es \u00e0 la conjoncture \u00e9conomique et mondiale n\u00e9e de la crise du Covid-19, et leurs r\u00e9percussions sur les diverses hypoth\u00e8ses ayant encadr\u00e9 l\u2019\u00e9laboration de loi de finances 2020, nous allons pr\u00e9parer un projet de loi de finances rectificative afin d\u2019activer le plan de relance de l\u2019\u00e9conomie nationale\u00bb, a d\u00e9clar\u00e9 le chef du gouvernement devant la s\u00e9ance commune du parlement.<\/p>\n<p>Il a expliqu\u00e9, \u00e0 cet \u00e9gard, que le projet de loi de finances rectificative requiert une visibilit\u00e9 des hypoth\u00e8ses sur lesquelles on devrait se baser \u00e0 l\u2019\u00e9chelle mondiale et nationale, qui prennent en consid\u00e9ration les pr\u00e9visions li\u00e9es \u00e0 la baisse du taux de croissance, aux impacts de la s\u00e9cheresse et \u00e0 la baisse des recettes fiscales, notant que les orientations g\u00e9n\u00e9rales seront fix\u00e9es pour le pr\u00e9senter au Conseil des ministres, avant sa pr\u00e9sentation en Conseil du gouvernement et devant le Parlement.<\/p>\n<p>Ce projet, a ajout\u00e9 M. El Otmani, vise la cons\u00e9cration de l\u2019enseignement, de la recherche scientifique, de la sant\u00e9, de l\u2019emploi et de la protection sociale comme priorit\u00e9s, tout en mettant l\u2019accent sur la transformation num\u00e9rique, en tant que levier de d\u00e9veloppement.<\/p>\n<p>Conscient de l\u2019importance des mesures proactives pour l\u2019apr\u00e8s-Covid, le gouvernement \u0153uvre pour la mise en place d\u2019un plan ambitieux pour la promotion de l\u2019\u00e9conomie nationale, en tant que levier important pour l\u2019acc\u00e9l\u00e9ration de la reprise de l\u2019activit\u00e9 \u00e9conomique nationale et le renforcement de sa capacit\u00e9 de prospecter l\u2019apr\u00e8s-coronavirus, a-t-il dit.<\/p>\n<p>Il a soulign\u00e9 que l\u2019approche adopt\u00e9e pour \u00e9laborer ce projet doit \u00eatre globale et int\u00e9gr\u00e9e, fond\u00e9e sur des m\u00e9canismes horizontaux prenant en compte les sp\u00e9cificit\u00e9s de chaque secteur s\u00e9par\u00e9ment, ainsi que les facteurs externes, en particulier ceux li\u00e9s aux cha\u00eenes de valeur mondiales et \u00e0 l\u2019offre et \u00e0 la consommation nationales.<\/p>\n<p>Le chef du gouvernement a mis en relief l\u2019importance de r\u00e9fl\u00e9chir aux m\u00e9canismes \u00e0 mobiliser pour allouer les fonds n\u00e9cessaires aux entreprises, notamment les petites et moyennes (PME), afin qu\u2019elles puissent reprendre leur activit\u00e9, \u00e9voquant les commandes publiques comme moyen de revitaliser l\u2019\u00e9conomie nationale, en r\u00e9visant ses priorit\u00e9s et m\u00e9thodes dans le but de soutenir la production et la consommation locales.<\/p>\n<p>M. El Otmani a confirm\u00e9 la n\u00e9cessit\u00e9 de redoubler d\u2019efforts pour r\u00e9soudre certains probl\u00e8mes structurels, dont l\u2019importance et l\u2019urgence ont \u00e9t\u00e9 relev\u00e9es lors de la crise sanitaire, notamment les probl\u00e8mes li\u00e9s au secteur informel et \u00e0 la protection sociale.<\/p>\n<p>Sur le plan international, ajoute le responsable gouvernemental, le Royaume devra s\u2019adapter \u00e0 la nouvelle configuration des cha\u00eenes de valeur mondiales, en attirant \u00e0 grande \u00e9chelle des investissements internationaux en recherche de nouveaux centres de production, \u00e0 proximit\u00e9 des march\u00e9s europ\u00e9ens et africains.<\/p>\n<p class=\"c3\"><strong>(MAP)<\/strong><\/p>\n<p>Auteur: M&rsquo;hammed rahal<br \/>\n<a href=\"http:\/\/albayane.press.ma\/un-projet-de-loi-de-finances-rectificative-sera-elabore-dans-les-prochains-jours%EF%BB%BF.html\">Cliquez ici pour lire l&rsquo;article depuis sa source.<\/a><\/p>\n","protected":false},"excerpt":{"rendered":"<p>Un projet de loi de finances rectificative sera \u00e9labor\u00e9 dans les prochains jours, a annonc\u00e9 le chef du gouvernement, Sa\u00e2d Dine El Otmani, lundi devant les deux chambres du parlement. \u00abVu les mutations li\u00e9es \u00e0 la conjoncture \u00e9conomique et mondiale n\u00e9e de la crise du Covid-19, et leurs r\u00e9percussions sur les diverses hypoth\u00e8ses ayant encadr\u00e9 [&hellip;]<\/p>\n","protected":false},"author":1760,"featured_media":0,"comment_status":"closed","ping_status":"closed","sticky":false,"template":"","format":"standard","meta":{"fifu_image_url":"","fifu_image_alt":"","footnotes":""},"categories":[73,54],"tags":[],"class_list":["post-85972","post","type-post","status-publish","format-standard","hentry","category-actualite","category-maroc"],"_links":{"self":[{"href":"https:\/\/linitiative.ca\/International\/wp-json\/wp\/v2\/posts\/85972","targetHints":{"allow":["GET"]}}],"collection":[{"href":"https:\/\/linitiative.ca\/International\/wp-json\/wp\/v2\/posts"}],"about":[{"href":"https:\/\/linitiative.ca\/International\/wp-json\/wp\/v2\/types\/post"}],"author":[{"embeddable":true,"href":"https:\/\/linitiative.ca\/International\/wp-json\/wp\/v2\/users\/1760"}],"replies":[{"embeddable":true,"href":"https:\/\/linitiative.ca\/International\/wp-json\/wp\/v2\/comments?post=85972"}],"version-history":[{"count":0,"href":"https:\/\/linitiative.ca\/International\/wp-json\/wp\/v2\/posts\/85972\/revisions"}],"wp:attachment":[{"href":"https:\/\/linitiative.ca\/International\/wp-json\/wp\/v2\/media?parent=85972"}],"wp:term":[{"taxonomy":"category","embeddable":true,"href":"https:\/\/linitiative.ca\/International\/wp-json\/wp\/v2\/categories?post=85972"},{"taxonomy":"post_tag","embeddable":true,"href":"https:\/\/linitiative.ca\/International\/wp-json\/wp\/v2\/tags?post=85972"}],"curies":[{"name":"wp","href":"https:\/\/api.w.org\/{rel}","templated":true}]}}