{"id":85975,"date":"2020-05-19T11:38:07","date_gmt":"2020-05-19T15:38:07","guid":{"rendered":"https:\/\/linitiative.ca\/International\/le-covid-19-propulse-les-revenus-de-labelvie\/"},"modified":"2020-05-19T11:38:07","modified_gmt":"2020-05-19T15:38:07","slug":"le-covid-19-propulse-les-revenus-de-labelvie","status":"publish","type":"post","link":"https:\/\/linitiative.ca\/International\/le-covid-19-propulse-les-revenus-de-labelvie\/","title":{"rendered":"Le Covid-19 propulse les revenus de Label\u2019Vie"},"content":{"rendered":"<p class=\"c2\"><strong>Kaoutar Khennach<\/strong><\/p>\n<p class=\"has-text-color c3\"><strong>Le malheur des uns fait le bonheur des autres. Ainsi, le Covid-19 propulse les revenus de Label\u2019Vie. Le groupe sp\u00e9cialis\u00e9 dans la grande distribution a vu son chiffre d\u2019affaires exploser de 300% en raison de la pand\u00e9mie. En effet, suite \u00e0 l\u2019annonce du confinement obligatoire, ils \u00e9taient nombreux \u00e0 se ruer dans les supermarch\u00e9s pour faire les provisions.<\/strong><\/p>\n<p>Le groupe Label\u2019Vie a r\u00e9alis\u00e9 un chiffre d\u2019affaires de pr\u00e8s de 3 milliards de dirhams (MMDH) au titre du premier trimestre 2020, soit une augmentation de 26% par rapport \u00e0 la m\u00eame p\u00e9riode de l\u2019ann\u00e9e pr\u00e9c\u00e9dente. \u00a0Cette hausse du chiffre d\u2019affaires concerne tous ses segments d\u2019activit\u00e9. Le segment de l\u2019hyper cash Atacadao a enregistr\u00e9 la plus forte hausse (+33%), suivi du segment des hypermarch\u00e9s Carrefour (28%), tandis que le segment des supermarch\u00e9s Carrefour a vu son chiffre d\u2019affaires augmenter de 26%.<\/p>\n<p>Durant le confinement\u00a0 soit la p\u00e9riode entre mars et avril, le groupe a vu son chiffre d\u2019affaires <a href=\"https:\/\/leconomiste.com\/article\/1062036-label-vie-ne-connait-pas-la-crise\" target=\"_blank\" rel=\"noreferrer noopener\">\u00a0exploser de 300%<\/a>. En effet, pendant cette p\u00e9riode, les op\u00e9rateurs de la grande distribution et les commerces alimentaires font face, \u00e0 un afflux d\u2019achats beaucoup plus important que d\u2019habitude, notamment parce que nombre de consommateurs ont voulu faire des achats de pr\u00e9caution. Pourtant cette pr\u00e9caution est inutile, parce que les distributeurs ont toujours annonc\u00e9 des stocks totalement suffisants.<\/p>\n<p>En ce qui concerne les investissements, Label\u2019Vie a indiqu\u00e9 que leur montant total a atteint 72 millions de dirhams, en baisse de 10 millions de dirhams par rapport au premier trimestre 2019. Par ailleurs, le niveau de l\u2019investissement global a atteint 6,4 milliards de DH \u00e0 fin mars 2020.<\/p>\n<p>S\u2019agissant de l\u2019endettement net cumul\u00e9 au premier trimestre 2020, Label\u2019Vie a enregistr\u00e9 une baisse de 35 millions de dirhams par rapport \u00e0 son niveau du 31 d\u00e9cembre 2018. Le taux d\u2019endettement du groupe repr\u00e9sente d\u00e9sormais 49% du total du financement permanent.<\/p>\n<p>Enfin, Label\u2019Vie a annonc\u00e9 l\u2019arr\u00eat provisoire de\u00a0tous ses chantiers de construction et d\u2019am\u00e9nagement des futures ouvertures, notant que les travaux reprendront apr\u00e8s la fin du confinement.<\/p>\n<p>Auteur: M&rsquo;hammed rahal<br \/>\n<a href=\"http:\/\/albayane.press.ma\/le-covid-19-propulse-les-revenus-de-labelvie.html\">Cliquez ici pour lire l&rsquo;article depuis sa source.<\/a><\/p>\n","protected":false},"excerpt":{"rendered":"<p>Kaoutar Khennach Le malheur des uns fait le bonheur des autres. Ainsi, le Covid-19 propulse les revenus de Label\u2019Vie. Le groupe sp\u00e9cialis\u00e9 dans la grande distribution a vu son chiffre d\u2019affaires exploser de 300% en raison de la pand\u00e9mie. En effet, suite \u00e0 l\u2019annonce du confinement obligatoire, ils \u00e9taient nombreux \u00e0 se ruer dans les [&hellip;]<\/p>\n","protected":false},"author":1760,"featured_media":0,"comment_status":"closed","ping_status":"closed","sticky":false,"template":"","format":"standard","meta":{"fifu_image_url":"","fifu_image_alt":"","footnotes":""},"categories":[73,54],"tags":[],"class_list":["post-85975","post","type-post","status-publish","format-standard","hentry","category-actualite","category-maroc"],"_links":{"self":[{"href":"https:\/\/linitiative.ca\/International\/wp-json\/wp\/v2\/posts\/85975","targetHints":{"allow":["GET"]}}],"collection":[{"href":"https:\/\/linitiative.ca\/International\/wp-json\/wp\/v2\/posts"}],"about":[{"href":"https:\/\/linitiative.ca\/International\/wp-json\/wp\/v2\/types\/post"}],"author":[{"embeddable":true,"href":"https:\/\/linitiative.ca\/International\/wp-json\/wp\/v2\/users\/1760"}],"replies":[{"embeddable":true,"href":"https:\/\/linitiative.ca\/International\/wp-json\/wp\/v2\/comments?post=85975"}],"version-history":[{"count":0,"href":"https:\/\/linitiative.ca\/International\/wp-json\/wp\/v2\/posts\/85975\/revisions"}],"wp:attachment":[{"href":"https:\/\/linitiative.ca\/International\/wp-json\/wp\/v2\/media?parent=85975"}],"wp:term":[{"taxonomy":"category","embeddable":true,"href":"https:\/\/linitiative.ca\/International\/wp-json\/wp\/v2\/categories?post=85975"},{"taxonomy":"post_tag","embeddable":true,"href":"https:\/\/linitiative.ca\/International\/wp-json\/wp\/v2\/tags?post=85975"}],"curies":[{"name":"wp","href":"https:\/\/api.w.org\/{rel}","templated":true}]}}