{"id":85979,"date":"2020-05-19T09:53:45","date_gmt":"2020-05-19T13:53:45","guid":{"rendered":"https:\/\/linitiative.ca\/International\/sit-in-du-groupe-pdl-se-poursuit-abir-moussi-menace-dune-escalade\/"},"modified":"2020-05-19T09:53:45","modified_gmt":"2020-05-19T13:53:45","slug":"sit-in-du-groupe-pdl-se-poursuit-abir-moussi-menace-dune-escalade","status":"publish","type":"post","link":"https:\/\/linitiative.ca\/International\/sit-in-du-groupe-pdl-se-poursuit-abir-moussi-menace-dune-escalade\/","title":{"rendered":"Sit-in du groupe PDL se poursuit :  Abir Moussi menace d\u2019une escalade"},"content":{"rendered":"<p>La pr\u00e9sidente du Parti destourien libre (PDL), Abir Moussi a indiqu\u00e9 que le sit-in observ\u00e9 par les d\u00e9put\u00e9s du groupe parlementaire du parti au si\u00e8ge annexe de l\u2019h\u00e9micycle depuis le 13 mai se poursuit. Elle a ajout\u00e9 que d\u2019autres formes d\u2019escalade sont \u00e0 envisager en cas de non satisfaction de leurs demandes.<\/p>\n<p>Moussi, qui s\u2019exprimait lundi au cours d\u2019une conf\u00e9rence de presse au si\u00e8ge du parlement a appel\u00e9 \u00e0 la n\u00e9cessit\u00e9 d\u2019auditionner le pr\u00e9sident de l\u2019Assembl\u00e9e des Repr\u00e9sentants du Peuple (ARP) Rached Ghannouchi sur ses d\u00e9placements non-annonc\u00e9s \u00e0 l\u2019\u00e9tranger et sa rencontre avec le pr\u00e9sident turc Recep Tayyip Erdogan. Elle a soulign\u00e9, dans ce sens, l\u2019importance de r\u00e9viser la d\u00e9cision du bureau de l\u2019ARP et de soumettre la question au vote.<\/p>\n<p>La pr\u00e9sidente du PDL a exhort\u00e9 le bureau du parlement \u00e0 condamner fermement la violence politique \u00e0 l\u2019h\u00e9micycle du Bardo, pointant en particulier les agissements du pr\u00e9sident du groupe Al Karama, Seifeddine Makhlouf.<\/p>\n<p>Elle a d\u00e9plor\u00e9 la violation des lois et des d\u00e9lais concernant les proc\u00e9dures d\u2019adoption des projets de loi \u00ab au service de certains agendas et lobbies \u00bb.<\/p>\n<p>Moussi affirme avoir transmis sa demande par \u00e9crit \u00e0 la pr\u00e9sidence du parlement et aux pr\u00e9sidents des groupes parlementaires ainsi qu\u2019\u00e0 toutes les organisations nationales pour les informer des revendications du groupe parlementaire du PDL. Elle a mis en garde contre les tentatives d\u2019assujettissement du parlement et sa transformation en un instrument entre les mains du pr\u00e9sident de son pr\u00e9sident et son organisation politique.<\/p>\n<p>La pr\u00e9sidente ajoute avoir adress\u00e9 une correspondance \u00e0 la ministre de la femme pour la tenir au courant des formes de violence bas\u00e9e sur le genre subies quotidiennement de la part des membres du groupe Al Karama.<\/p>\n<p>Abir Moussi a par ailleurs, \u00e9voqu\u00e9 le fonds de la Zakat dont le pr\u00e9sident de la municipalit\u00e9 du Kram Fathi Layouni avait annonc\u00e9 qu\u2019il sera inaugur\u00e9 mardi 19 mai. Il s\u2019agit, selon elle, d\u2019une franche violation des institutions de l\u2019Etat, tenant \u00e0 pr\u00e9ciser que le parlement s\u2019est oppos\u00e9 \u00e0 la cr\u00e9ation de pareil fonds.<\/p>\n<p>Moussi a appel\u00e9 le gouverneur de Tunis \u00e0 convoquer un conseil r\u00e9gional extraordinaire r\u00e9unissant les d\u00e9put\u00e9s de la r\u00e9gion et tous les pr\u00e9sidents de municipalit\u00e9s et \u00e0 d\u00e9noncer ces pratiques. Elle a soulign\u00e9 la n\u00e9cessit\u00e9 de saisir la justice administrative pour annuler l\u2019ex\u00e9cution du projet en question.<\/p>\n<p>Le groupe du PDL observe un sit-in ouvert suite au refus de sa demande d\u2019auditionner le pr\u00e9sident du parlement Rached Ghannouchi.<\/p>\n<div class=\"wp-post-author-wrap wp-post-author-shortcode left\">\n<h3 class=\"awpa-title\"\/>\n<div class=\"wp-post-author\">\n<div class=\"awpa-img awpa-author-block square\"><a href=\"http:\/\/lexpertjournal.net\/fr\/?author=5\"><img loading=\"lazy\" decoding=\"async\" alt=\"\" src=\"http:\/\/0.gravatar.com\/avatar\/97f8e10a1c1125ba104a76514ee07b16?s=150&amp;d=mm&amp;r=g\" srcset=\"http:\/\/0.gravatar.com\/avatar\/97f8e10a1c1125ba104a76514ee07b16?s=300&amp;d=mm&amp;r=g 2x\" class=\"avatar avatar-150 photo\" height=\"150\" width=\"150\"\/><\/a><\/div>\n<\/div>\n<\/div>\n<aside class=\"mashsb-container mashsb-main mashsb-stretched\">\n<\/aside>\n<p>Auteur: L&rsquo;expert<br \/>\n<a href=\"http:\/\/lexpertjournal.net\/fr\/?p=14800\">Cliquez ici pour lire l&rsquo;article depuis sa source.<\/a><\/p>\n","protected":false},"excerpt":{"rendered":"<p>La pr\u00e9sidente du Parti destourien libre (PDL), Abir Moussi a indiqu\u00e9 que le sit-in observ\u00e9 par les d\u00e9put\u00e9s du groupe parlementaire du parti au si\u00e8ge annexe de l\u2019h\u00e9micycle depuis le 13 mai se poursuit. Elle a ajout\u00e9 que d\u2019autres formes d\u2019escalade sont \u00e0 envisager en cas de non satisfaction de leurs demandes. Moussi, qui s\u2019exprimait [&hellip;]<\/p>\n","protected":false},"author":1775,"featured_media":0,"comment_status":"closed","ping_status":"closed","sticky":false,"template":"","format":"standard","meta":{"fifu_image_url":"","fifu_image_alt":"","footnotes":""},"categories":[78,55],"tags":[],"class_list":["post-85979","post","type-post","status-publish","format-standard","hentry","category-economie","category-tunisie"],"_links":{"self":[{"href":"https:\/\/linitiative.ca\/International\/wp-json\/wp\/v2\/posts\/85979","targetHints":{"allow":["GET"]}}],"collection":[{"href":"https:\/\/linitiative.ca\/International\/wp-json\/wp\/v2\/posts"}],"about":[{"href":"https:\/\/linitiative.ca\/International\/wp-json\/wp\/v2\/types\/post"}],"author":[{"embeddable":true,"href":"https:\/\/linitiative.ca\/International\/wp-json\/wp\/v2\/users\/1775"}],"replies":[{"embeddable":true,"href":"https:\/\/linitiative.ca\/International\/wp-json\/wp\/v2\/comments?post=85979"}],"version-history":[{"count":0,"href":"https:\/\/linitiative.ca\/International\/wp-json\/wp\/v2\/posts\/85979\/revisions"}],"wp:attachment":[{"href":"https:\/\/linitiative.ca\/International\/wp-json\/wp\/v2\/media?parent=85979"}],"wp:term":[{"taxonomy":"category","embeddable":true,"href":"https:\/\/linitiative.ca\/International\/wp-json\/wp\/v2\/categories?post=85979"},{"taxonomy":"post_tag","embeddable":true,"href":"https:\/\/linitiative.ca\/International\/wp-json\/wp\/v2\/tags?post=85979"}],"curies":[{"name":"wp","href":"https:\/\/api.w.org\/{rel}","templated":true}]}}