{"id":85982,"date":"2020-05-19T09:35:00","date_gmt":"2020-05-19T13:35:00","guid":{"rendered":"https:\/\/linitiative.ca\/International\/lancement-dune-chaine-de-television-thematique\/"},"modified":"2020-05-19T09:35:00","modified_gmt":"2020-05-19T13:35:00","slug":"lancement-dune-chaine-de-television-thematique","status":"publish","type":"post","link":"https:\/\/linitiative.ca\/International\/lancement-dune-chaine-de-television-thematique\/","title":{"rendered":"Lancement d&rsquo;une cha\u00eene de t\u00e9l\u00e9vision th\u00e9matique"},"content":{"rendered":"<div id=\"originalText\" readability=\"63\">\n<p>Le Premier ministre, Abdelaziz Djerad a proc\u00e9d\u00e9, mardi \u00e0 Alger, au\u00a0 lancement de la diffusion \u00e0 titre exp\u00e9rimental d&rsquo;une cha\u00eene th\u00e9matique publique d\u00e9di\u00e9e \u00e0 l\u2019enseignement \u00e0 distance, via le satellite alg\u00e9rien Alcomsat-1, co\u00efncidant avec la c\u00e9l\u00e9bration de la Journ\u00e9e nationale de l\u2019\u00e9tudiant.<\/p>\n<p>La c\u00e9r\u00e9monie de lancement de cette 7e cha\u00eene publique \u00ab\u00a0El Maarifa\u00a0\u00bb, s\u2019est d\u00e9roul\u00e9e en pr\u00e9sence du Conseiller \u00e0 la Pr\u00e9sidence de la R\u00e9publique, Abdelhafid Allahoum et des membres du gouvernement.<\/p>\n<p>Cette nouvelle cha\u00eene, premi\u00e8re du genre, mettra \u00e0 la disposition des \u00e9l\u00e8ves des trois cycles de l&rsquo;enseignement une s\u00e9rie de cours dans toutes les disciplines et mati\u00e8res, notamment des classes d&rsquo;examen.<\/p>\n<p>Le choix de la Journ\u00e9e de l&rsquo;\u00e9tudiant pour le lancement de la diffusion de cette cha\u00eene a \u00e9t\u00e9 motiv\u00e9 par la symbolique de cette date pour l\u2019Alg\u00e9rie.<\/p>\n<p>Le pr\u00e9sident de la R\u00e9publique, M. Abdelmadjid Tebboune avait annonc\u00e9 la semaine derni\u00e8re, lors d\u2019une r\u00e9union extraordinaire du Conseil des ministres par visioconf\u00e9rence, le lancement de cette cha\u00eene de t\u00e9l\u00e9vision sp\u00e9cialis\u00e9e.<\/p>\n<\/div>\n<div id=\"text_core\" readability=\"63\">\n<p>Le Premier ministre, Abdelaziz Djerad a proc\u00e9d\u00e9, mardi \u00e0 Alger, au\u00a0 lancement de la diffusion \u00e0 titre exp\u00e9rimental d&rsquo;une cha\u00eene th\u00e9matique publique d\u00e9di\u00e9e \u00e0 l\u2019enseignement \u00e0 distance, via le satellite alg\u00e9rien Alcomsat-1, co\u00efncidant avec la c\u00e9l\u00e9bration de la Journ\u00e9e nationale de l\u2019\u00e9tudiant.<\/p>\n<p>La c\u00e9r\u00e9monie de lancement de cette 7e cha\u00eene publique \u00ab\u00a0El Maarifa\u00a0\u00bb, s\u2019est d\u00e9roul\u00e9e en pr\u00e9sence du Conseiller \u00e0 la Pr\u00e9sidence de la R\u00e9publique, Abdelhafid Allahoum et des membres du gouvernement.<\/p>\n<p>Cette nouvelle cha\u00eene, premi\u00e8re du genre, mettra \u00e0 la disposition des \u00e9l\u00e8ves des trois cycles de l&rsquo;enseignement une s\u00e9rie de cours dans toutes les disciplines et mati\u00e8res, notamment des classes d&rsquo;examen.<\/p>\n<p>Le choix de la Journ\u00e9e de l&rsquo;\u00e9tudiant pour le lancement de la diffusion de cette cha\u00eene a \u00e9t\u00e9 motiv\u00e9 par la symbolique de cette date pour l\u2019Alg\u00e9rie.<\/p>\n<p>Le pr\u00e9sident de la R\u00e9publique, M. Abdelmadjid Tebboune avait annonc\u00e9 la semaine derni\u00e8re, lors d\u2019une r\u00e9union extraordinaire du Conseil des ministres par visioconf\u00e9rence, le lancement de cette cha\u00eene de t\u00e9l\u00e9vision sp\u00e9cialis\u00e9e.<\/p>\n<\/div>\n<p>Auteur:<br \/>\n<a href=\"https:\/\/www.liberte-algerie.com\/actualite\/lancement-dune-chaine-de-television-thematique-338896\">Cliquez ici pour lire l&rsquo;article depuis sa source.<\/a><\/p>\n","protected":false},"excerpt":{"rendered":"<p>Le Premier ministre, Abdelaziz Djerad a proc\u00e9d\u00e9, mardi \u00e0 Alger, au\u00a0 lancement de la diffusion \u00e0 titre exp\u00e9rimental d&rsquo;une cha\u00eene th\u00e9matique publique d\u00e9di\u00e9e \u00e0 l\u2019enseignement \u00e0 distance, via le satellite alg\u00e9rien Alcomsat-1, co\u00efncidant avec la c\u00e9l\u00e9bration de la Journ\u00e9e nationale de l\u2019\u00e9tudiant. La c\u00e9r\u00e9monie de lancement de cette 7e cha\u00eene publique \u00ab\u00a0El Maarifa\u00a0\u00bb, s\u2019est d\u00e9roul\u00e9e [&hellip;]<\/p>\n","protected":false},"author":1742,"featured_media":0,"comment_status":"closed","ping_status":"closed","sticky":false,"template":"","format":"standard","meta":{"fifu_image_url":"","fifu_image_alt":"","footnotes":""},"categories":[73,53],"tags":[],"class_list":["post-85982","post","type-post","status-publish","format-standard","hentry","category-actualite","category-algerie"],"_links":{"self":[{"href":"https:\/\/linitiative.ca\/International\/wp-json\/wp\/v2\/posts\/85982","targetHints":{"allow":["GET"]}}],"collection":[{"href":"https:\/\/linitiative.ca\/International\/wp-json\/wp\/v2\/posts"}],"about":[{"href":"https:\/\/linitiative.ca\/International\/wp-json\/wp\/v2\/types\/post"}],"author":[{"embeddable":true,"href":"https:\/\/linitiative.ca\/International\/wp-json\/wp\/v2\/users\/1742"}],"replies":[{"embeddable":true,"href":"https:\/\/linitiative.ca\/International\/wp-json\/wp\/v2\/comments?post=85982"}],"version-history":[{"count":0,"href":"https:\/\/linitiative.ca\/International\/wp-json\/wp\/v2\/posts\/85982\/revisions"}],"wp:attachment":[{"href":"https:\/\/linitiative.ca\/International\/wp-json\/wp\/v2\/media?parent=85982"}],"wp:term":[{"taxonomy":"category","embeddable":true,"href":"https:\/\/linitiative.ca\/International\/wp-json\/wp\/v2\/categories?post=85982"},{"taxonomy":"post_tag","embeddable":true,"href":"https:\/\/linitiative.ca\/International\/wp-json\/wp\/v2\/tags?post=85982"}],"curies":[{"name":"wp","href":"https:\/\/api.w.org\/{rel}","templated":true}]}}