{"id":85989,"date":"2020-05-19T12:57:08","date_gmt":"2020-05-19T16:57:08","guid":{"rendered":"https:\/\/linitiative.ca\/International\/quatre-nouvelles-remissions-au-chu-mohammed-vi-356-au-total\/"},"modified":"2020-05-19T12:57:08","modified_gmt":"2020-05-19T16:57:08","slug":"quatre-nouvelles-remissions-au-chu-mohammed-vi-356-au-total","status":"publish","type":"post","link":"https:\/\/linitiative.ca\/International\/quatre-nouvelles-remissions-au-chu-mohammed-vi-356-au-total\/","title":{"rendered":"Quatre nouvelles r\u00e9missions au CHU Mohammed VI, 356 au total"},"content":{"rendered":"<div readability=\"35\">\n<p>Marrakech \u2013 Quatre patients compl\u00e8tement gu\u00e9ris du nouveau coronavirus (Covid-19) ont quitt\u00e9, mardi, le Centre Hospitalier Universitaire (CHU) Mohammed VI de Marrakech.<\/p>\n<\/div>\n<div readability=\"71\">\n<p>Il s\u2019agit de trois femmes et un homme, \u00e2g\u00e9s entre 21 et 77 ans, d\u00e9finitivement gu\u00e9ris apr\u00e8s que les tests m\u00e9dicaux et cliniques effectu\u00e9s se sont r\u00e9v\u00e9l\u00e9s n\u00e9gatifs.<\/p>\n<p>Ainsi, ces nouvelles r\u00e9missions portent \u00e0 356 le nombre total des patients ayant quitt\u00e9 cet \u00e9tablissement hospitalier apr\u00e8s la confirmation de leur gu\u00e9rison totale.<\/p>\n<p>Dans une d\u00e9claration \u00e0 la MAP, le coordinateur g\u00e9n\u00e9ral du Covid-19 au CHU Mohammed VI, Dr. Takoui Abdelmajid, a indiqu\u00e9 que la dur\u00e9e d\u2019hospitalisation de ces patients gu\u00e9ris se situait entre 11 et 16 jours et qu\u2019ils devront passer quelques autres jours de confinement et de convalescence dans un h\u00f4tel de la cit\u00e9 ocre conform\u00e9ment au protocole de traitement adopt\u00e9 par le minist\u00e8re de la sant\u00e9.<\/p>\n<p>Dr. Takoui a fait savoir que les 4 patients sont asymptomatiques et ne souffraient d\u2019aucune complication ou de maladie chronique.<\/p>\n<p>Le taux de gu\u00e9rison au niveau du CHU s\u2019est \u00e9lev\u00e9 \u00e0 72%, s\u2019est-il f\u00e9licit\u00e9, expliquant l\u2019augmentation des r\u00e9missions par la disponibilit\u00e9 des tests n\u00e9cessaires au laboratoire de microbiologie relevant du CHU Mohammed VI de Marrakech, la rapidit\u00e9 et l\u2019efficacit\u00e9 de la prise en charge m\u00e9dicale, le d\u00e9pistage pr\u00e9coce des personnes contacts et la prise de conscience des citoyens quant aux dangers de cette pand\u00e9mie<\/p>\n<p>Concernant le nombre des cas confirm\u00e9s d\u2019infection au Covid-19, toujours sous traitement et pris en charge par le CHU Mohammed VI, il a atteint 51, dont 42 plac\u00e9s \u00e0 l\u2019H\u00f4pital Errazi et 09 \u00e0 l\u2019H\u00f4pital M\u00e8re et Enfant, a-t-il fait savoir.<\/p>\n<p>Parmi les patients test\u00e9s positifs, 10 cas sont admis au service de r\u00e9animation, a-t-il ajout\u00e9.<\/p>\n<\/div>\n<p>Auteur: Meriem IGASS<br \/>\n<a href=\"http:\/\/www.mapmarrakech.ma\/fr\/quatre-nouvelles-remissions-au-chu-mohammed-vi-356-au-total\/\">Cliquez ici pour lire l&rsquo;article depuis sa source.<\/a><\/p>\n","protected":false},"excerpt":{"rendered":"<p>Marrakech \u2013 Quatre patients compl\u00e8tement gu\u00e9ris du nouveau coronavirus (Covid-19) ont quitt\u00e9, mardi, le Centre Hospitalier Universitaire (CHU) Mohammed VI de Marrakech. Il s\u2019agit de trois femmes et un homme, \u00e2g\u00e9s entre 21 et 77 ans, d\u00e9finitivement gu\u00e9ris apr\u00e8s que les tests m\u00e9dicaux et cliniques effectu\u00e9s se sont r\u00e9v\u00e9l\u00e9s n\u00e9gatifs. Ainsi, ces nouvelles r\u00e9missions portent [&hellip;]<\/p>\n","protected":false},"author":1788,"featured_media":0,"comment_status":"closed","ping_status":"closed","sticky":false,"template":"","format":"standard","meta":{"fifu_image_url":"","fifu_image_alt":"","footnotes":""},"categories":[54,76],"tags":[],"class_list":["post-85989","post","type-post","status-publish","format-standard","hentry","category-maroc","category-regions"],"_links":{"self":[{"href":"https:\/\/linitiative.ca\/International\/wp-json\/wp\/v2\/posts\/85989","targetHints":{"allow":["GET"]}}],"collection":[{"href":"https:\/\/linitiative.ca\/International\/wp-json\/wp\/v2\/posts"}],"about":[{"href":"https:\/\/linitiative.ca\/International\/wp-json\/wp\/v2\/types\/post"}],"author":[{"embeddable":true,"href":"https:\/\/linitiative.ca\/International\/wp-json\/wp\/v2\/users\/1788"}],"replies":[{"embeddable":true,"href":"https:\/\/linitiative.ca\/International\/wp-json\/wp\/v2\/comments?post=85989"}],"version-history":[{"count":0,"href":"https:\/\/linitiative.ca\/International\/wp-json\/wp\/v2\/posts\/85989\/revisions"}],"wp:attachment":[{"href":"https:\/\/linitiative.ca\/International\/wp-json\/wp\/v2\/media?parent=85989"}],"wp:term":[{"taxonomy":"category","embeddable":true,"href":"https:\/\/linitiative.ca\/International\/wp-json\/wp\/v2\/categories?post=85989"},{"taxonomy":"post_tag","embeddable":true,"href":"https:\/\/linitiative.ca\/International\/wp-json\/wp\/v2\/tags?post=85989"}],"curies":[{"name":"wp","href":"https:\/\/api.w.org\/{rel}","templated":true}]}}