{"id":85990,"date":"2020-05-19T13:08:59","date_gmt":"2020-05-19T17:08:59","guid":{"rendered":"https:\/\/linitiative.ca\/International\/covid-19-71-nouveaux-cas-confirmes-au-maroc-7-023-au-total\/"},"modified":"2020-05-19T13:08:59","modified_gmt":"2020-05-19T17:08:59","slug":"covid-19-71-nouveaux-cas-confirmes-au-maroc-7-023-au-total","status":"publish","type":"post","link":"https:\/\/linitiative.ca\/International\/covid-19-71-nouveaux-cas-confirmes-au-maroc-7-023-au-total\/","title":{"rendered":"Covid-19: 71 nouveaux cas confirm\u00e9s au Maroc, 7.023 au total"},"content":{"rendered":"<div readability=\"36\">\n<p>Soixante-et-onze (71) nouveaux cas d\u2019infection \u00e0 la COVID-19 ont \u00e9t\u00e9 enregistr\u00e9s durant les derni\u00e8res 24 heures, portant le nombre total des cas de contaminations \u00e0 7.023 dans le Royaume, a annonc\u00e9 mardi le minist\u00e8re de la Sant\u00e9.<\/p>\n<\/div>\n<div readability=\"81\">\n<p>Parmi les 71 nouveaux cas, 59 cas ont \u00e9t\u00e9 d\u00e9tect\u00e9s gr\u00e2ce au suivi m\u00e9dical des personnes-contacts, soit 84% des nouveaux cas enregistr\u00e9s, a indiqu\u00e9 le directeur de l\u2019\u00e9pid\u00e9miologie et de lutte contre les maladies au minist\u00e8re de la Sant\u00e9, Mohamed El Youbi, dans une d\u00e9claration retransmise par la MAP sur sa cha\u00eene de t\u00e9l\u00e9vision M24 et sur RIM RADIO.<\/p>\n<p>Il a \u00e9galement soulign\u00e9 que les nouveaux cas ont \u00e9t\u00e9 d\u00e9couverts dans quatre foyers \u00e0 Casablanca, pr\u00e9cisant que les autres cas d\u2019infection enregistr\u00e9s sont r\u00e9partis sur les r\u00e9gions de Marrakech-Safi, Tanger-T\u00e9touan-Al Hoce\u00efma, F\u00e8s-Mekn\u00e8s et Rabat-Sal\u00e9-K\u00e9nitra, relevant qu\u2019aucun nouveau cas n\u2019a \u00e9t\u00e9 d\u00e9tect\u00e9 dans les autres r\u00e9gions.<\/p>\n<p>Le nombre de d\u00e9c\u00e8s a \u00e9t\u00e9 port\u00e9 \u00e0 193 apr\u00e8s l\u2019annonce d\u2019un d\u00e9c\u00e8s au cours des derni\u00e8res 24H, a-t-il relev\u00e9, soulignant que le taux de l\u00e9talit\u00e9 (le pourcentage de d\u00e9c\u00e8s caus\u00e9 par le virus parmi le total de cas confirm\u00e9s) est revu \u00e0 la baisse pour enregistrer 2,7%.<\/p>\n<p>Le nombre total des cas exclus a atteint 93.344 depuis le d\u00e9but de la pand\u00e9mie et ce, apr\u00e8s les analyses n\u00e9gatives effectu\u00e9es aux laboratoires de 4.760 cas au cours des derni\u00e8res 24 heures, a-t-il not\u00e9.<\/p>\n<p>Le responsable a en outre ajout\u00e9 que le nombre de personnes d\u00e9clar\u00e9es gu\u00e9ries s\u2019est \u00e9lev\u00e9 \u00e0 3.901, jusqu\u2019\u00e0 pr\u00e9sent, apr\u00e8s l\u2019enregistrement de 143 nouvelles r\u00e9missions, pr\u00e9cisant que le taux de r\u00e9mission a grimp\u00e9 \u00e0 55,5%.<\/p>\n<p>D\u2019un point de vue g\u00e9ographique, aucun changement n\u2019a \u00e9t\u00e9 constat\u00e9, a indiqu\u00e9 M. El Youbi, pr\u00e9cisant que la r\u00e9gion de Casablanca-Settat est toujours en t\u00eate du classement des cas confirm\u00e9s avec (30%), suivie de la r\u00e9gion de Marrakech-Safi (18%), puis respectivement les r\u00e9gions de Tanger-T\u00e9touan-Al Hoceima et F\u00e8s-Mekn\u00e8s (14%), ensuite la r\u00e9gion de Rabat-Sal\u00e9-K\u00e9nitra et enfin la r\u00e9gion de Draa-Tafilalet.<\/p>\n<\/div>\n<p>Auteur: Meriem IGASS<br \/>\n<a href=\"http:\/\/www.mapmarrakech.ma\/fr\/covid-19-71-nouveaux-cas-confirmes-au-maroc-7-023-au-total\/\">Cliquez ici pour lire l&rsquo;article depuis sa source.<\/a><\/p>\n","protected":false},"excerpt":{"rendered":"<p>Soixante-et-onze (71) nouveaux cas d\u2019infection \u00e0 la COVID-19 ont \u00e9t\u00e9 enregistr\u00e9s durant les derni\u00e8res 24 heures, portant le nombre total des cas de contaminations \u00e0 7.023 dans le Royaume, a annonc\u00e9 mardi le minist\u00e8re de la Sant\u00e9. Parmi les 71 nouveaux cas, 59 cas ont \u00e9t\u00e9 d\u00e9tect\u00e9s gr\u00e2ce au suivi m\u00e9dical des personnes-contacts, soit 84% [&hellip;]<\/p>\n","protected":false},"author":1788,"featured_media":0,"comment_status":"closed","ping_status":"closed","sticky":false,"template":"","format":"standard","meta":{"fifu_image_url":"","fifu_image_alt":"","footnotes":""},"categories":[54,76],"tags":[],"class_list":["post-85990","post","type-post","status-publish","format-standard","hentry","category-maroc","category-regions"],"_links":{"self":[{"href":"https:\/\/linitiative.ca\/International\/wp-json\/wp\/v2\/posts\/85990","targetHints":{"allow":["GET"]}}],"collection":[{"href":"https:\/\/linitiative.ca\/International\/wp-json\/wp\/v2\/posts"}],"about":[{"href":"https:\/\/linitiative.ca\/International\/wp-json\/wp\/v2\/types\/post"}],"author":[{"embeddable":true,"href":"https:\/\/linitiative.ca\/International\/wp-json\/wp\/v2\/users\/1788"}],"replies":[{"embeddable":true,"href":"https:\/\/linitiative.ca\/International\/wp-json\/wp\/v2\/comments?post=85990"}],"version-history":[{"count":0,"href":"https:\/\/linitiative.ca\/International\/wp-json\/wp\/v2\/posts\/85990\/revisions"}],"wp:attachment":[{"href":"https:\/\/linitiative.ca\/International\/wp-json\/wp\/v2\/media?parent=85990"}],"wp:term":[{"taxonomy":"category","embeddable":true,"href":"https:\/\/linitiative.ca\/International\/wp-json\/wp\/v2\/categories?post=85990"},{"taxonomy":"post_tag","embeddable":true,"href":"https:\/\/linitiative.ca\/International\/wp-json\/wp\/v2\/tags?post=85990"}],"curies":[{"name":"wp","href":"https:\/\/api.w.org\/{rel}","templated":true}]}}