{"id":85998,"date":"2020-05-19T12:52:36","date_gmt":"2020-05-19T16:52:36","guid":{"rendered":"https:\/\/linitiative.ca\/International\/asafo-co-consolide-son-positionnement-en-afrique\/"},"modified":"2020-05-19T12:52:36","modified_gmt":"2020-05-19T16:52:36","slug":"asafo-co-consolide-son-positionnement-en-afrique","status":"publish","type":"post","link":"https:\/\/linitiative.ca\/International\/asafo-co-consolide-son-positionnement-en-afrique\/","title":{"rendered":"Asafo &amp; Co consolide son positionnement en Afrique"},"content":{"rendered":"<div class=\"body\">\n<div class=\"field field-name-body field-type-text-with-summary field-label-hidden\">\n<div class=\"field-items\" readability=\"9.5\">\n<div class=\"field-item even\" property=\"content:encoded\" readability=\"14\">\n<p class=\"rtejustify\">Asafo &amp; Co renforce sa position de premier cabinet d\u2019avocats international d\u00e9di\u00e9 exclusivement au continent africain. Il vient en effet de se rapprocher Lawtons Africa accroissant ainsi sa pr\u00e9sence en Afrique du Sud. D\u00e9j\u00e0 pr\u00e9sent \u00e0 Casablanca, Abidjan, Nairobi, Mombasa et Johannesburg ainsi qu\u2019\u00e0 Paris, le cabinet va \u00e9galement pouvoir\u00a0 renforcer le d\u00e9veloppement des relations d\u2019affaires du nord au sud et du sud au nord du continent.<br \/><em>M.A.B.<\/em><\/p>\n<\/div>\n<\/div>\n<\/div>\n<\/div>\n<div class=\"eco-conseil\">\n<div class=\"view view-eco-conseil-16 view-id-eco_conseil_16 view-display-id-cookies view-dom-id-0cbb58874af4bc5247e2ba27a76bea33\">\n<div class=\"view-content\">\n<div id=\"views-bootstrap-grid-1\" class=\"views-bootstrap-grid-plugin-style\">\n<div class=\"row\">\n<div class=\" col-xs-12 col-lg-4\">\n<div class=\"row\">\n<div class=\"col col-xs-12 col-lg-12\">\n<div class=\"field-content\"><a href=\"\/article\/1062170-accor-introduit-une-nouvelle-approche-d-assistance-medicale-pour-ses-clients\"><img loading=\"lazy\" decoding=\"async\" class=\"img-responsive\" typeof=\"foaf:Image\" src=\"https:\/\/www.leconomiste.com\/sites\/default\/files\/eco7\/public\/styles\/800x400\/public\/default_images\/default_une.jpg?itok=4jZlgnIZ\" width=\"660\" height=\"330\" alt=\"\"\/><\/a><\/div>\n<\/div>\n<div class=\" title_suite_2 col col-xs-12 col-lg-12\"> <a href=\"\/article\/1062170-accor-introduit-une-nouvelle-approche-d-assistance-medicale-pour-ses-clients\"\/><span class=\"field-content\">Article 1062170<\/span><\/div>\n<\/div>\n<\/div>\n<div class=\" col-xs-12 col-lg-4\">\n<div class=\"row\">\n<div class=\"col col-xs-12 col-lg-12\">\n<div class=\"field-content\"><a href=\"\/article\/1062169-les-etudiants-ingenieurs-de-l-um5r-remportent-attijari-city\"><img loading=\"lazy\" decoding=\"async\" class=\"img-responsive\" typeof=\"foaf:Image\" src=\"https:\/\/www.leconomiste.com\/sites\/default\/files\/eco7\/public\/styles\/800x400\/public\/default_images\/default_une.jpg?itok=4jZlgnIZ\" width=\"660\" height=\"330\" alt=\"\"\/><\/a><\/div>\n<\/div>\n<div class=\" title_suite_2 col col-xs-12 col-lg-12\"> <a href=\"\/article\/1062169-les-etudiants-ingenieurs-de-l-um5r-remportent-attijari-city\"\/><span class=\"field-content\">Les \u00e9tudiants ing\u00e9nieurs de l\u2019UM5R remportent \u00abAttijari City\u00bb <\/span><\/div>\n<\/div>\n<\/div>\n<div class=\" col-xs-12 col-lg-4\">\n<div class=\"row\">\n<div class=\"col col-xs-12 col-lg-12\">\n<div class=\"field-content\"><a href=\"\/article\/1062167-les-societes-du-portefeuille-de-mcp-se-montrent-resilientes\"><img loading=\"lazy\" decoding=\"async\" class=\"img-responsive\" typeof=\"foaf:Image\" src=\"https:\/\/www.leconomiste.com\/sites\/default\/files\/eco7\/public\/styles\/800x400\/public\/default_images\/default_une.jpg?itok=4jZlgnIZ\" width=\"660\" height=\"330\" alt=\"\"\/><\/a><\/div>\n<\/div>\n<div class=\" title_suite_2 col col-xs-12 col-lg-12\"> <a href=\"\/article\/1062167-les-societes-du-portefeuille-de-mcp-se-montrent-resilientes\"\/><span class=\"field-content\">Les soci\u00e9t\u00e9s du portefeuille de MCP se montrent r\u00e9silientes<\/span><\/div>\n<\/div>\n<\/div>\n<\/div>\n<\/div>\n<\/div>\n<\/div>\n<\/div>\n<p>Auteur: hlafriqi<br \/>\n<a href=\"https:\/\/www.leconomiste.com\/article\/1062168-asafo-co-consolide-son-positionnement-en-afrique\">Cliquez ici pour lire l&rsquo;article depuis sa source.<\/a><\/p>\n","protected":false},"excerpt":{"rendered":"<p>Asafo &amp; Co renforce sa position de premier cabinet d\u2019avocats international d\u00e9di\u00e9 exclusivement au continent africain. Il vient en effet de se rapprocher Lawtons Africa accroissant ainsi sa pr\u00e9sence en Afrique du Sud. D\u00e9j\u00e0 pr\u00e9sent \u00e0 Casablanca, Abidjan, Nairobi, Mombasa et Johannesburg ainsi qu\u2019\u00e0 Paris, le cabinet va \u00e9galement pouvoir\u00a0 renforcer le d\u00e9veloppement des relations [&hellip;]<\/p>\n","protected":false},"author":1763,"featured_media":0,"comment_status":"closed","ping_status":"closed","sticky":false,"template":"","format":"standard","meta":{"fifu_image_url":"","fifu_image_alt":"","footnotes":""},"categories":[78,54],"tags":[],"class_list":["post-85998","post","type-post","status-publish","format-standard","hentry","category-economie","category-maroc"],"_links":{"self":[{"href":"https:\/\/linitiative.ca\/International\/wp-json\/wp\/v2\/posts\/85998","targetHints":{"allow":["GET"]}}],"collection":[{"href":"https:\/\/linitiative.ca\/International\/wp-json\/wp\/v2\/posts"}],"about":[{"href":"https:\/\/linitiative.ca\/International\/wp-json\/wp\/v2\/types\/post"}],"author":[{"embeddable":true,"href":"https:\/\/linitiative.ca\/International\/wp-json\/wp\/v2\/users\/1763"}],"replies":[{"embeddable":true,"href":"https:\/\/linitiative.ca\/International\/wp-json\/wp\/v2\/comments?post=85998"}],"version-history":[{"count":0,"href":"https:\/\/linitiative.ca\/International\/wp-json\/wp\/v2\/posts\/85998\/revisions"}],"wp:attachment":[{"href":"https:\/\/linitiative.ca\/International\/wp-json\/wp\/v2\/media?parent=85998"}],"wp:term":[{"taxonomy":"category","embeddable":true,"href":"https:\/\/linitiative.ca\/International\/wp-json\/wp\/v2\/categories?post=85998"},{"taxonomy":"post_tag","embeddable":true,"href":"https:\/\/linitiative.ca\/International\/wp-json\/wp\/v2\/tags?post=85998"}],"curies":[{"name":"wp","href":"https:\/\/api.w.org\/{rel}","templated":true}]}}