{"id":86001,"date":"2020-05-19T10:00:00","date_gmt":"2020-05-19T14:00:00","guid":{"rendered":"https:\/\/linitiative.ca\/International\/sollicite-pour-rempiler-lassaad-chebbi-prefere-attendre-la-fin-de-la-saison-pour-se-decider\/"},"modified":"2020-05-19T10:00:00","modified_gmt":"2020-05-19T14:00:00","slug":"sollicite-pour-rempiler-lassaad-chebbi-prefere-attendre-la-fin-de-la-saison-pour-se-decider","status":"publish","type":"post","link":"https:\/\/linitiative.ca\/International\/sollicite-pour-rempiler-lassaad-chebbi-prefere-attendre-la-fin-de-la-saison-pour-se-decider\/","title":{"rendered":"Sollicit\u00e9 pour rempiler, Lass\u00e2ad Chebbi , pr\u00e9f\u00e8re attendre la fin de la saison pour se d\u00e9cider"},"content":{"rendered":"<p class=\"MsoNormal c3\"><span class=\"c2\">Nous apprenons de sources digne de foi que Le bureau directeur de l&rsquo;US Monastir n&rsquo;a pas \u00e9prouv\u00e9 de difficult\u00e9s pour convaincre les joueurs de l&rsquo;\u00e9quipe\u00a0premi\u00e8re de football de se contenter de la moiti\u00e9 de leurs salaires\u00a0pour les mois de mars et avril \u00e0 cause des difficult\u00e9s de tr\u00e9sorerie que traverse le club suite \u00e0 l&rsquo;arr\u00eat de la comp\u00e9tition depuis le mois de f\u00e9vrier\u00a0pour les raisons que l&rsquo;on connait,\u00a0<\/span><\/p>\n<p class=\"MsoNormal c3\"><span class=\"c4\">Idem aussi pour l&rsquo;entra\u00eeneur Lass\u00e2ad\u00a0Chebbi a accept\u00e9 lui aussi que ses salaires des mois de mars et d&rsquo;avril soient diminu\u00e9s de moiti\u00e9. Chebbi par contre est encore r\u00e9calcitrant pour le renouvellement du contrat comme le souhaite le pr\u00e9sident du club de la \u00ab\u00a0Cit\u00e9 du Ribat, Ahmed Belli. Ce dernier pr\u00e9f\u00e8re en effet attendre la fin de la saison avant de se d\u00e9cider de rempiler ou non \u00e0 la t\u00eate de la direction techniques des \u00a0\u00bbBlanc et Bleu.<\/span><\/p>\n<p class=\"MsoNormal c3\"><span class=\"c4\">Toutefosi, d&rsquo;apr\u00e8s nos sources Lass\u00e2ad\u00a0Chebbi \u00a0dont la c\u00f4te est mont\u00e9e en fl\u00e8che \u00e0 la suite des brillants r\u00e9sultats qu&rsquo;il a r\u00e9alis\u00e9s avec les Monastiriens int\u00e9resserait aussi bien des clubs tunisiens que des pays du Golfe, pourrait poursuivre l&rsquo;exp\u00e9rience avec l&rsquo;USM au cas o\u00f9 celle-ci termine le championnat \u00e0 la deuxi\u00e8me place et sera ainsi le deuxi\u00e8me repr\u00e9sentant de la Tunisie en Ligue des Champions, une comp\u00e9tition qui constitue un excellent challenge pour\u00a0ce jeune technicien.<\/span><\/p>\n<p class=\"MsoNormal c3\"><span class=\"c5\">\u00a0<\/span><\/p>\n<p class=\"MsoNormal c3\"><span class=\"c5\"><span class=\"c6\">\u00a0<\/span><strong><span class=\"c6\">\u00a0<\/span>Okpotu, partant \u00e0 la fin de la saison<\/strong><\/span><\/p>\n<p class=\"MsoNormal c3\"><span class=\"c5\">\u00a0<\/span><\/p>\n<p class=\"MsoNormal c3\"><span class=\"c4\">L&rsquo;attaquant nig\u00e9rian et meilleur buteur du championnat avec 11 r\u00e9alisations, Antony OKpotu, aujourd&rsquo;hui \u00e2g\u00e9 de 26 ans dont le contrat le liant \u00e0 l&rsquo;USM expirera le 30 juin 2021 a\u00a0de fortes chances d&rsquo;\u00e9voluer \u00e0 partir de la saison prochaine sous d&rsquo;autres cieux. Plus pr\u00e9cis\u00e9ment dans le champion saoudien dont l&rsquo;un de ses grands clubs, qui serait Ahly Jeddah, est pr\u00eat \u00e0 mettre le paquet pour l&rsquo;avoir, la saison prochaine, dans sas rangs. En d\u00e9pit de l&rsquo;importance de cet attaquant dans le dispositif de l&rsquo;USM il serait tr\u00e8s difficile \u00e0 celle-ci de r\u00e9sister \u00e0 la tentation de l&rsquo;offre saoudienne.<\/span><\/p>\n<p class=\"MsoNormal c8\"><strong><span class=\"c7\"><span class=\"c6\">\u00a0\u00a0\u00a0\u00a0\u00a0\u00a0\u00a0\u00a0\u00a0\u00a0\u00a0\u00a0\u00a0\u00a0\u00a0\u00a0\u00a0\u00a0\u00a0\u00a0\u00a0\u00a0\u00a0\u00a0\u00a0\u00a0\u00a0\u00a0\u00a0\u00a0\u00a0\u00a0\u00a0\u00a0\u00a0\u00a0\u00a0\u00a0\u00a0\u00a0\u00a0\u00a0\u00a0\u00a0\u00a0\u00a0\u00a0\u00a0\u00a0\u00a0\u00a0\u00a0\u00a0\u00a0\u00a0\u00a0\u00a0\u00a0\u00a0\u00a0\u00a0\u00a0\u00a0\u00a0\u00a0<\/span> Ameur KERKENNI\u00a0<\/span><\/strong><\/p>\n<p>Auteur: letemps1<br \/>\n<a href=\"http:\/\/www.letemps.com.tn\/article\/113997\/sollicit%C3%A9-pour-rempiler-lass%C3%A2ad-chebbi-pr%C3%A9f%C3%A8re-attendre-la-fin-de-la-saison-pour-se\">Cliquez ici pour lire l&rsquo;article depuis sa source.<\/a><\/p>\n","protected":false},"excerpt":{"rendered":"<p>Nous apprenons de sources digne de foi que Le bureau directeur de l&rsquo;US Monastir n&rsquo;a pas \u00e9prouv\u00e9 de difficult\u00e9s pour convaincre les joueurs de l&rsquo;\u00e9quipe\u00a0premi\u00e8re de football de se contenter de la moiti\u00e9 de leurs salaires\u00a0pour les mois de mars et avril \u00e0 cause des difficult\u00e9s de tr\u00e9sorerie que traverse le club suite \u00e0 l&rsquo;arr\u00eat [&hellip;]<\/p>\n","protected":false},"author":1773,"featured_media":0,"comment_status":"closed","ping_status":"closed","sticky":false,"template":"","format":"standard","meta":{"fifu_image_url":"","fifu_image_alt":"","footnotes":""},"categories":[73,55],"tags":[],"class_list":["post-86001","post","type-post","status-publish","format-standard","hentry","category-actualite","category-tunisie"],"_links":{"self":[{"href":"https:\/\/linitiative.ca\/International\/wp-json\/wp\/v2\/posts\/86001","targetHints":{"allow":["GET"]}}],"collection":[{"href":"https:\/\/linitiative.ca\/International\/wp-json\/wp\/v2\/posts"}],"about":[{"href":"https:\/\/linitiative.ca\/International\/wp-json\/wp\/v2\/types\/post"}],"author":[{"embeddable":true,"href":"https:\/\/linitiative.ca\/International\/wp-json\/wp\/v2\/users\/1773"}],"replies":[{"embeddable":true,"href":"https:\/\/linitiative.ca\/International\/wp-json\/wp\/v2\/comments?post=86001"}],"version-history":[{"count":0,"href":"https:\/\/linitiative.ca\/International\/wp-json\/wp\/v2\/posts\/86001\/revisions"}],"wp:attachment":[{"href":"https:\/\/linitiative.ca\/International\/wp-json\/wp\/v2\/media?parent=86001"}],"wp:term":[{"taxonomy":"category","embeddable":true,"href":"https:\/\/linitiative.ca\/International\/wp-json\/wp\/v2\/categories?post=86001"},{"taxonomy":"post_tag","embeddable":true,"href":"https:\/\/linitiative.ca\/International\/wp-json\/wp\/v2\/tags?post=86001"}],"curies":[{"name":"wp","href":"https:\/\/api.w.org\/{rel}","templated":true}]}}