{"id":86002,"date":"2020-05-19T10:00:00","date_gmt":"2020-05-19T14:00:00","guid":{"rendered":"https:\/\/linitiative.ca\/International\/nessim-henid-le-premier-a-sexecuter-dans-ce-sens\/"},"modified":"2020-05-19T10:00:00","modified_gmt":"2020-05-19T14:00:00","slug":"nessim-henid-le-premier-a-sexecuter-dans-ce-sens","status":"publish","type":"post","link":"https:\/\/linitiative.ca\/International\/nessim-henid-le-premier-a-sexecuter-dans-ce-sens\/","title":{"rendered":"Nessim Henid, le premier \u00e0 s&rsquo;ex\u00e9cuter dans ce sens"},"content":{"rendered":"<p>CSS : Parmi les joueurs sollicit\u00e9s pour renouveler leurs contrats<\/p>\n<footer class=\"submitted clearfix\">\n<p><span class=\"date-display-single\" property=\"dc:date\" datatype=\"xsd:dateTime\" content=\"2020-05-19T00:00:00+01:00\">Mardi 19 Mai 2020<\/span><\/p>\n<\/footer>\n<div class=\"content clearfix\" readability=\"40.351973684211\"><span class=\"print-link\"><span class=\"print_html\"><a href=\"http:\/\/www.letemps.com.tn\/print\/113998\" title=\"Display a printer-friendly version of this page.\" class=\"print-page\" onclick=\"window.open(this.href); return false\" rel=\"nofollow\"><img decoding=\"async\" class=\"print-icon\" typeof=\"foaf:Image\" src=\"http:\/\/www.letemps.com.tn\/sites\/all\/modules\/print\/icons\/print_icon.gif\" alt=\"\u0646\u0633\u062e\u0629 \u0644\u0644\u0637\u0628\u0627\u0639\u0629\" title=\"\u0646\u0633\u062e\u0629 \u0644\u0644\u0637\u0628\u0627\u0639\u0629\"\/><\/a><\/span><\/span><\/p>\n<div class=\"beacon9-social\">\n<p><iframe src=\"http:\/\/www.facebook.com\/plugins\/like.php?href=http%3A%2F%2Fwww.letemps.com.tn%2Farticle%2F113998%2Fnessim-henid-le-premier-%25C3%25A0-sex%25C3%25A9cuter-dans-ce-sens&amp;layout=button_count&amp;show_faces=false&amp;action=like&amp;font=arial&amp;colorscheme=light\" scrolling=\"no\" frameborder=\"0\" class=\"c1\" allowtransparency=\"true\">[embedded content]<\/iframe><\/p>\n<\/div>\n<div class=\"field field-name-field-op-main-image field-type-image field-label-hidden field-items field-item even\"><img loading=\"lazy\" decoding=\"async\" typeof=\"foaf:Image\" src=\"http:\/\/www.letemps.com.tn\/sites\/www.letemps.com.tn\/files\/styles\/620px_wide\/public\/main\/articles\/P13-COUL-N4.JPG\" width=\"675\" height=\"338\" alt=\"\"\/><\/div>\n<div class=\"field field-name-body field-type-text-with-summary field-label-hidden field-items field-item even\" readability=\"51\">\n<p class=\"MsoNormal c3\"><span class=\"c2\">Le\u00a0 d\u00e9fenseur central Nessim Henid a \u00e9t\u00e9 le premier parmi les joueurs sollicit\u00e9s par leurs employeurs pour renouveler leurs contrat s&rsquo;est aussit\u00f4t &lsquo;ex\u00e9cut\u00e9 dans ce sens. L&rsquo;axial sfaxien, \u00e2g\u00e9\u00a0aujourd&rsquo;hui\u00a0de 23 ans\u00a0 (il est n\u00e9 le 12 mars 1997) vient en effet de\u00a0remplier\u00a0pour quatre\u00a0ann\u00e9es suppl\u00e9mentaires avec son club. Les autres \u00e9l\u00e9ments concern\u00e9s, \u00e0 savoir les deux gardiens de but Aymen Dahmen et Sabri Ben Hassen ainsi que le lat\u00e9ral gauche Houssam Dagdoug, et les deux milieux de terrain, Walid Karoui et Azmi Ghouma, draient en faire autant dans les tout prochains jours. Ainsi et\u00a0 comme nous l&rsquo;avons annonc\u00e9 dans une pr\u00e9c\u00e9dente livraison, seuls les deux d\u00e9fenseurs\u00a0 Hamza Methlouthi et Hani Amamou sont toujours r\u00e9calcitrants \u00e0 renouveler leurs contrats.<\/span><\/p>\n<p class=\"MsoNormal c3\"><span class=\"c2\">\u00a0<\/span><\/p>\n<p class=\"MsoNormal c3\"><strong><span class=\"c4\">\u00abCSS-CA\u00bb en finale du championnat .. des jeux \u00e9lectroniques<\/span><\/strong> <strong><span class=\"c5\">\u00a0 \u00a0 \u00a0<\/span><\/strong><\/p>\n<p class=\"MsoNormal c3\"><span class=\"c2\">\u00a0<\/span><\/p>\n<p class=\"MsoNormal c3\"><span class=\"c6\">La finale du championnat de Football des jeux \u00e9lectroniques FIFA 2020 organis\u00e9 par la F\u00e9d\u00e9ration\u00a0Tunisienne des sports \u00e9lectroniques opposera le CS Sfaxien au C Africain Les &lsquo;Noir et Blanc &lsquo; se sont qualifi\u00e9s en finale aux d\u00e9pens de l&rsquo;AS Djerba alors que l&rsquo;\u00e9quipe de Bab Djedi\u00a0a \u00e9cart\u00e9 de son chemin le S Tunisien. La finale entre les clubistes sfaxiens et leurs homologues de Tunis sera disput\u00e9e demain, mercredi.<\/span><\/p>\n<p class=\"MsoNormal c8\"><span class=\"c7\">\u00a0<\/span><\/p>\n<p class=\"MsoNormal c8\"><span class=\"c7\">\u00a0<\/span><\/p>\n<p class=\"MsoNormal c9\"><span class=\"c7\">\u00a0 \u00a0 \u00a0 \u00a0 \u00a0 \u00a0 \u00a0 \u00a0 \u00a0 \u00a0 \u00a0 \u00a0 \u00a0 <strong>Ameur KERKENNI<\/strong><\/span><\/p>\n<\/div>\n<\/div>\n<p>Auteur: letemps1<br \/>\n<a href=\"http:\/\/www.letemps.com.tn\/article\/113998\/nessim-henid-le-premier-%C3%A0-sex%C3%A9cuter-dans-ce-sens\">Cliquez ici pour lire l&rsquo;article depuis sa source.<\/a><\/p>\n","protected":false},"excerpt":{"rendered":"<p>CSS : Parmi les joueurs sollicit\u00e9s pour renouveler leurs contrats Mardi 19 Mai 2020 [embedded content] Le\u00a0 d\u00e9fenseur central Nessim Henid a \u00e9t\u00e9 le premier parmi les joueurs sollicit\u00e9s par leurs employeurs pour renouveler leurs contrat s&rsquo;est aussit\u00f4t &lsquo;ex\u00e9cut\u00e9 dans ce sens. L&rsquo;axial sfaxien, \u00e2g\u00e9\u00a0aujourd&rsquo;hui\u00a0de 23 ans\u00a0 (il est n\u00e9 le 12 mars 1997) vient [&hellip;]<\/p>\n","protected":false},"author":1773,"featured_media":86003,"comment_status":"closed","ping_status":"closed","sticky":false,"template":"","format":"standard","meta":{"fifu_image_url":"","fifu_image_alt":"","footnotes":""},"categories":[73,55],"tags":[],"class_list":["post-86002","post","type-post","status-publish","format-standard","has-post-thumbnail","hentry","category-actualite","category-tunisie"],"_links":{"self":[{"href":"https:\/\/linitiative.ca\/International\/wp-json\/wp\/v2\/posts\/86002","targetHints":{"allow":["GET"]}}],"collection":[{"href":"https:\/\/linitiative.ca\/International\/wp-json\/wp\/v2\/posts"}],"about":[{"href":"https:\/\/linitiative.ca\/International\/wp-json\/wp\/v2\/types\/post"}],"author":[{"embeddable":true,"href":"https:\/\/linitiative.ca\/International\/wp-json\/wp\/v2\/users\/1773"}],"replies":[{"embeddable":true,"href":"https:\/\/linitiative.ca\/International\/wp-json\/wp\/v2\/comments?post=86002"}],"version-history":[{"count":0,"href":"https:\/\/linitiative.ca\/International\/wp-json\/wp\/v2\/posts\/86002\/revisions"}],"wp:featuredmedia":[{"embeddable":true,"href":"https:\/\/linitiative.ca\/International\/wp-json\/"}],"wp:attachment":[{"href":"https:\/\/linitiative.ca\/International\/wp-json\/wp\/v2\/media?parent=86002"}],"wp:term":[{"taxonomy":"category","embeddable":true,"href":"https:\/\/linitiative.ca\/International\/wp-json\/wp\/v2\/categories?post=86002"},{"taxonomy":"post_tag","embeddable":true,"href":"https:\/\/linitiative.ca\/International\/wp-json\/wp\/v2\/tags?post=86002"}],"curies":[{"name":"wp","href":"https:\/\/api.w.org\/{rel}","templated":true}]}}