{"id":86004,"date":"2020-05-19T10:00:00","date_gmt":"2020-05-19T14:00:00","guid":{"rendered":"https:\/\/linitiative.ca\/International\/la-reprise-du-championnat-sous-forme-de-play-off\/"},"modified":"2020-05-19T10:00:00","modified_gmt":"2020-05-19T14:00:00","slug":"la-reprise-du-championnat-sous-forme-de-play-off","status":"publish","type":"post","link":"https:\/\/linitiative.ca\/International\/la-reprise-du-championnat-sous-forme-de-play-off\/","title":{"rendered":"La reprise du championnat, sous forme  de play-off"},"content":{"rendered":"<p class=\"MsoNormal c3\"><span class=\"c2\">Les clubs de la Ligue 2 ont r\u00e9pondu dans les d\u00e9lais aux propositions de la FTF au sujet de la fin du championnat et ont opt\u00e9 \u00e0 plus de la moiti\u00e9 d\u2019entreeux pour le premier projet qu\u2019il leur a \u00e9t\u00e9 soumis par la FTF. Cette derni\u00e8re avait pr\u00e9sent\u00e9e au d\u00e9but de la semaine derni\u00e8re un projet en trois points auquel les \u00e9quipes de la Ligue 2 devaient r\u00e9pondre vendredi dernier.<\/span><\/p>\n<p class=\"MsoNormal c3\"><span class=\"c2\">Aujourd\u2019hui , c\u2019est chose faite. Ces \u00e9quipes dans leur majorit\u00e9 ont pr\u00e9f\u00e9r\u00e9 la premi\u00e8re formule, c\u2019est-\u00e0-dire un play-off entre les 2 premiers de chaque poule qui disputeront deux rencontres avec au d\u00e9part les points ramass\u00e9s durant les 15 premi\u00e8res journ\u00e9es.<\/span><\/p>\n<p class=\"MsoNormal c3\"><span class=\"c2\">Pour la rel\u00e9gation, les 4 derniers de chacune des deux poules disputeront un mini-championnat au terme duquel les deux derniers r\u00e9trograderont en Ligue 3. L\u00e0 aussi, les \u00e9quipes d\u00e9marreront avec leur capital point ramass\u00e9 durant les journ\u00e9es d\u00e9j\u00e0 disput\u00e9es.<\/span><\/p>\n<p class=\"MsoNormal c3\"><span class=\"c2\">Ce choix semble le plus raisonnable et \u00e9pargnera aux clubs de grosses d\u00e9penses lors des 7 journ\u00e9es encore en jeu. Mais sur le plan sportif, les 5 mois d\u2019inactivit\u00e9 pourraient \u00eatre n\u00e9fastes aux joueurs. Nous estimons qu\u2019une fois la vie reprendra normalement, la FTF devrait penser \u00e0 organiser deux ou trois tournois amicaux r\u00e9gionaux afin d\u2019\u00a0\u00e9viter ce <span class=\"c4\">\u00a0<\/span>genre probl\u00e8me.<span class=\"c4\">\u00a0<\/span><\/span><\/p>\n<p class=\"MsoNormal c3\"><span class=\"c2\">Pour ce qui est de l\u2019accession parmi l\u2019\u00e9lite, l\u2019O. B\u00e9ja et l\u2019EOS Bouzid respectivement premier et second de la Poule A disputeront deux rencontres sur terrain neutre et \u00e0 huis-clos pour d\u00e9signer l\u2019\u00e9quipe qui rejoindra la Ligue 1. De m\u00eame en Poule B o\u00f9 l\u2019AS Rajich et l\u2019EGS Gafsa respectivement seront les seuls candidats \u00e0 l\u2019accession.<\/span><\/p>\n<p class=\"MsoNormal c3\"><span class=\"c2\">Pour la rel\u00e9gation, les 4 derniers de la Poule A, et les 4 derniers de la Poule B, disputeront deux mini-tournois. Chaque \u00e9quipe jouera 3 rencontres \u00e0 huis-clos et sur terrain neutre et entamera ce championnat avec les points ramass\u00e9s au cours des 15 journ\u00e9es d\u00e9j\u00e0 disput\u00e9es.<\/span><\/p>\n<p class=\"MsoNormal c3\"><span class=\"c2\">Seulement pour la rel\u00e9gation un petite souci dans le groupe A, o\u00f9 nous retrouvons 2 \u00e9quipes qui totalisent le m\u00eame nombre de points, le m\u00eame goal diff\u00e9rence et sont \u00e0 \u00e9galit\u00e9 en confrontations directes. Mais les f\u00e9d\u00e9raux se r\u00e9f\u00e9reront certainement au classement de la phase aller pour d\u00e9partager l\u2019ESR et l\u2019ASG qui avait termin\u00e9 cette phase avec 18 points, contre 14 \u00e0 l\u2019ES Rad\u00e9s. Ainsi, nous retrouverons<\/span> l\u2019ES Rad\u00e9s 19 Pts, le CS Msaken 18 Pts, le SAMB 14 Pts et l\u2019ASA 4 Pts m\u00eame si les Arianais <span class=\"c4\">\u00a0<\/span>sont dans une situation tr\u00e8s d\u00e9licate., car math\u00e9matiquement ils doivent gagner leurs 4 rencontres pour esp\u00e9rer un maintien en Ligue 2.<\/p>\n<p class=\"MsoNormal c6\">Dans le groupe B, les \u00e9quipes concern\u00e9es sont l\u2019ESH Sousse 15 Pts, l\u2019<span class=\"c5\">AS Kasserine 14 Pts,<\/span> l\u2019AS Marsa 14 Pts et le SS Sfaxien 13 Pts, soit deux points s\u00e9parent le premier du groupe au dernier. Ceci suppose que le suspense sera grand et chaque \u00e9quipe aura ses chances de maintien.<\/p>\n<p class=\"MsoNormal c6\">Maintenant, la FTF devra exposer son projet aux autorit\u00e9s gouvernementales et sanitaires afin d\u2019obtenir leur aval avant de le mettre en ex\u00e9cution selon les modalit\u00e9s sanitaires mises au point par ses soins afin d\u2019\u00e9viter toute mauvaise surprise.<\/p>\n<p class=\"MsoNormal c6\">La FTF aura jusqu\u2019au samedi prochain pour d\u00e9voiler le projet avec ses dispositions et surtout les dates de son d\u00e9marrage<\/p>\n<p class=\"MsoNormal c8\"><strong><span class=\"c7\">M.R<\/span><\/strong><\/p>\n<p>Auteur: letemps1<br \/>\n<a href=\"http:\/\/www.letemps.com.tn\/article\/113999\/la-reprise-du-championnat-sous-forme-de-play\">Cliquez ici pour lire l&rsquo;article depuis sa source.<\/a><\/p>\n","protected":false},"excerpt":{"rendered":"<p>Les clubs de la Ligue 2 ont r\u00e9pondu dans les d\u00e9lais aux propositions de la FTF au sujet de la fin du championnat et ont opt\u00e9 \u00e0 plus de la moiti\u00e9 d\u2019entreeux pour le premier projet qu\u2019il leur a \u00e9t\u00e9 soumis par la FTF. Cette derni\u00e8re avait pr\u00e9sent\u00e9e au d\u00e9but de la semaine derni\u00e8re un [&hellip;]<\/p>\n","protected":false},"author":1773,"featured_media":0,"comment_status":"closed","ping_status":"closed","sticky":false,"template":"","format":"standard","meta":{"fifu_image_url":"","fifu_image_alt":"","footnotes":""},"categories":[73,55],"tags":[],"class_list":["post-86004","post","type-post","status-publish","format-standard","hentry","category-actualite","category-tunisie"],"_links":{"self":[{"href":"https:\/\/linitiative.ca\/International\/wp-json\/wp\/v2\/posts\/86004","targetHints":{"allow":["GET"]}}],"collection":[{"href":"https:\/\/linitiative.ca\/International\/wp-json\/wp\/v2\/posts"}],"about":[{"href":"https:\/\/linitiative.ca\/International\/wp-json\/wp\/v2\/types\/post"}],"author":[{"embeddable":true,"href":"https:\/\/linitiative.ca\/International\/wp-json\/wp\/v2\/users\/1773"}],"replies":[{"embeddable":true,"href":"https:\/\/linitiative.ca\/International\/wp-json\/wp\/v2\/comments?post=86004"}],"version-history":[{"count":0,"href":"https:\/\/linitiative.ca\/International\/wp-json\/wp\/v2\/posts\/86004\/revisions"}],"wp:attachment":[{"href":"https:\/\/linitiative.ca\/International\/wp-json\/wp\/v2\/media?parent=86004"}],"wp:term":[{"taxonomy":"category","embeddable":true,"href":"https:\/\/linitiative.ca\/International\/wp-json\/wp\/v2\/categories?post=86004"},{"taxonomy":"post_tag","embeddable":true,"href":"https:\/\/linitiative.ca\/International\/wp-json\/wp\/v2\/tags?post=86004"}],"curies":[{"name":"wp","href":"https:\/\/api.w.org\/{rel}","templated":true}]}}