{"id":86005,"date":"2020-05-19T10:00:00","date_gmt":"2020-05-19T14:00:00","guid":{"rendered":"https:\/\/linitiative.ca\/International\/le-nahd-a-bel-et-bien-saisi-la-fifa-et-reclame-la-prime-de-formation-en-sus\/"},"modified":"2020-05-19T10:00:00","modified_gmt":"2020-05-19T14:00:00","slug":"le-nahd-a-bel-et-bien-saisi-la-fifa-et-reclame-la-prime-de-formation-en-sus","status":"publish","type":"post","link":"https:\/\/linitiative.ca\/International\/le-nahd-a-bel-et-bien-saisi-la-fifa-et-reclame-la-prime-de-formation-en-sus\/","title":{"rendered":"Le NAHD a bel et bien saisi  la FIFA et r\u00e9clame la prime de formation  en sus!"},"content":{"rendered":"<p class=\"MsoNormal\"><span class=\"c2\">Nous avions exclusivement \u00e9voqu\u00e9 sur nos colonnes la plainte d\u00e9pos\u00e9e aupr\u00e8s de la FIFA de l\u2019ancien club de l\u2019attaquant alg\u00e9rien Radhouane Zerdoum Nasr Hussein Day(NAHD),pour non- paiement du montant de l\u2019op\u00e9ration \u00e9valu\u00e9 \u00e0 300 mille euros. Une information r\u00e9fut\u00e9e par la direction de l\u2019Etoile qui a communiqu\u00e9 que son homologue Alg\u00e9rien avait plut\u00f4t envoy\u00e9 un ultimatum de 10 jours avant de saisir l\u2019instance internationale de Football. Renseignements pris, nous osons affirmer par souci de fiabilit\u00e9 professionnelle que le directoire du NAHD a bel et bien saisit officiellement la FIFA depuis le mois de janvier dernier\u00a0; et que la derni\u00e8re requ\u00eate envoy\u00e9e au secr\u00e9tariat de l\u2019Etoile concerne la prime de formation du joueur et non un dernier pr\u00e9avis avant la sollicitation de l\u2019international Board. Voil\u00e0 tout est clair et surtout pr\u00e9cis\u00a0!<\/span><\/p>\n<p class=\"MsoNormal\"><strong><span class=\"c2\">D\u00e9part de Balbouli, pure intox\u00a0!<\/span><\/strong><\/p>\n<p class=\"MsoNormal\"><span class=\"c2\">Certaines informations ont \u00e9t\u00e9 colport\u00e9es ces derni\u00e8res heures par des organes de presse et sites \u00e9lectroniques faisant \u00e9tat de l\u2019intention du bureau directeur de l\u2019Etoile de r\u00e9silier le bail de Balbouli- revenu au club en d\u00e9cembre dernier- qui s\u2019\u00e9tale jusqu\u2019en Juin 2021.Or, nous osons affirmer avec certitude qu\u2019ils s\u2019agit d\u2019informations fallacieuses et d\u00e9nu\u00e9es de toute v\u00e9racit\u00e9, surtout que dans le camp \u00e9toil\u00e9, on compte beaucoup sur l\u2019impact moral et l\u2019exp\u00e9rience consomm\u00e9e de Balbouli pour encadrer ses jeunes co\u00e9quipiers avant d\u2019int\u00e9grer le staff technique \u00e0 l\u2019issue de son pr\u00e9sent contrat avec l\u2019Eroile.<\/span><\/p>\n<p class=\"MsoNormal\"><strong><span class=\"c2\">650 mille dollars dans les caisses<\/span><\/strong><\/p>\n<p class=\"MsoNormal\"><span class=\"c2\">Le tr\u00e9sorier de l\u2019Etoile peut se frotter les mains, puisque la CAF a d\u00e9cid\u00e9 de d\u00e9bloquer, pr\u00e9matur\u00e9ment ,la prime de qualification pour les \u00bc de finale \u00e9valu\u00e9e \u00e0 650 mille dollars l\u2019\u00e9quivalent de 2,1 millions de dinars. Une belle somme qui tombe \u00e0 pic dans ces moments de crise.<\/span><\/p>\n<p class=\"MsoNormal c4\"><strong><span class=\"c3\">Hatem REGAIEG<\/span><\/strong><\/p>\n<p>Auteur: letemps1<br \/>\n<a href=\"http:\/\/www.letemps.com.tn\/article\/114000\/le-nahd-bel-et-bien-saisi-la-fifa-et-r%C3%A9clame-la-prime-de-formation-en-sus\">Cliquez ici pour lire l&rsquo;article depuis sa source.<\/a><\/p>\n","protected":false},"excerpt":{"rendered":"<p>Nous avions exclusivement \u00e9voqu\u00e9 sur nos colonnes la plainte d\u00e9pos\u00e9e aupr\u00e8s de la FIFA de l\u2019ancien club de l\u2019attaquant alg\u00e9rien Radhouane Zerdoum Nasr Hussein Day(NAHD),pour non- paiement du montant de l\u2019op\u00e9ration \u00e9valu\u00e9 \u00e0 300 mille euros. Une information r\u00e9fut\u00e9e par la direction de l\u2019Etoile qui a communiqu\u00e9 que son homologue Alg\u00e9rien avait plut\u00f4t envoy\u00e9 un [&hellip;]<\/p>\n","protected":false},"author":1773,"featured_media":0,"comment_status":"closed","ping_status":"closed","sticky":false,"template":"","format":"standard","meta":{"fifu_image_url":"","fifu_image_alt":"","footnotes":""},"categories":[73,55],"tags":[],"class_list":["post-86005","post","type-post","status-publish","format-standard","hentry","category-actualite","category-tunisie"],"_links":{"self":[{"href":"https:\/\/linitiative.ca\/International\/wp-json\/wp\/v2\/posts\/86005","targetHints":{"allow":["GET"]}}],"collection":[{"href":"https:\/\/linitiative.ca\/International\/wp-json\/wp\/v2\/posts"}],"about":[{"href":"https:\/\/linitiative.ca\/International\/wp-json\/wp\/v2\/types\/post"}],"author":[{"embeddable":true,"href":"https:\/\/linitiative.ca\/International\/wp-json\/wp\/v2\/users\/1773"}],"replies":[{"embeddable":true,"href":"https:\/\/linitiative.ca\/International\/wp-json\/wp\/v2\/comments?post=86005"}],"version-history":[{"count":0,"href":"https:\/\/linitiative.ca\/International\/wp-json\/wp\/v2\/posts\/86005\/revisions"}],"wp:attachment":[{"href":"https:\/\/linitiative.ca\/International\/wp-json\/wp\/v2\/media?parent=86005"}],"wp:term":[{"taxonomy":"category","embeddable":true,"href":"https:\/\/linitiative.ca\/International\/wp-json\/wp\/v2\/categories?post=86005"},{"taxonomy":"post_tag","embeddable":true,"href":"https:\/\/linitiative.ca\/International\/wp-json\/wp\/v2\/tags?post=86005"}],"curies":[{"name":"wp","href":"https:\/\/api.w.org\/{rel}","templated":true}]}}