{"id":86006,"date":"2020-05-19T10:00:00","date_gmt":"2020-05-19T14:00:00","guid":{"rendered":"https:\/\/linitiative.ca\/International\/elyes-skhiri-meilleur-joueur-du-fc-cologne-dimanche-contre-mayence\/"},"modified":"2020-05-19T10:00:00","modified_gmt":"2020-05-19T14:00:00","slug":"elyes-skhiri-meilleur-joueur-du-fc-cologne-dimanche-contre-mayence","status":"publish","type":"post","link":"https:\/\/linitiative.ca\/International\/elyes-skhiri-meilleur-joueur-du-fc-cologne-dimanche-contre-mayence\/","title":{"rendered":"Ely\u00e8s Skhiri , meilleur joueur du FC Cologne, dimanche contre Mayence !"},"content":{"rendered":"<p class=\"MsoNormal\">La longue p\u00e9riode d\u2019inactivit\u00e9 provoqu\u00e9e par la crise sanitaire semble ne pas affecter les aptitudes de notre excellent milieu international du FC Cologne , Ely\u00e8s <span class=\"c2\">\u00a0<\/span>Skhiri. Ce dernier a \u00e9t\u00e9 \u00e9poustouflant pour son retour sur les terrains \u00e0 l\u2019occasion de la rencontre, dimanche dernier<span class=\"c2\">\u00a0<\/span> en championnat d\u2019Allemagne <span class=\"c2\">\u00a0<\/span>,face \u00e0 Mayence 05 <span class=\"c2\">\u00a0<\/span>(2-2)et a \u00e9t\u00e9 l\u2019un des meilleurs \u00e9l\u00e9ments <span class=\"c2\">\u00a0<\/span>sur les 22 acteurs, au point de susciter l\u2019admiration du commentateur allemand du dit-match. Une prestation remarquable qui lui a valu d\u2019obtenir la meilleure note 7,5\/10 de son \u00e9quipe, avec 88 touches de balle, 86 passes pr\u00e9cises et 8 duels remport\u00e9s.<\/p>\n<p class=\"MsoNormal\"><strong><span class=\"c3\">Larry Azouni de retour \u00e0 N\u00eemes<\/span><\/strong><\/p>\n<p class=\"MsoNormal\">Apr\u00e8s 3 ans pass\u00e9es avec le club belge KV Courtrai, le milieu international tunisien Larry Azouni(26ans)form\u00e9 \u00e0 l\u2019OM, est sur le point de signer son retour \u00e0 son ancien club le FC N\u00eemes au sein duquel il avait jou\u00e9 entre 2014 et 2017.<\/p>\n<p class=\"MsoNormal c4\"><strong><span class=\"c3\">H.R.<\/span><\/strong><\/p>\n<p>Auteur: letemps1<br \/>\n<a href=\"http:\/\/www.letemps.com.tn\/article\/114001\/ely%C3%A8s-skhiri-meilleur-joueur-du-fc-cologne-dimanche-contre-mayence\">Cliquez ici pour lire l&rsquo;article depuis sa source.<\/a><\/p>\n","protected":false},"excerpt":{"rendered":"<p>La longue p\u00e9riode d\u2019inactivit\u00e9 provoqu\u00e9e par la crise sanitaire semble ne pas affecter les aptitudes de notre excellent milieu international du FC Cologne , Ely\u00e8s \u00a0Skhiri. Ce dernier a \u00e9t\u00e9 \u00e9poustouflant pour son retour sur les terrains \u00e0 l\u2019occasion de la rencontre, dimanche dernier\u00a0 en championnat d\u2019Allemagne \u00a0,face \u00e0 Mayence 05 \u00a0(2-2)et a \u00e9t\u00e9 l\u2019un [&hellip;]<\/p>\n","protected":false},"author":1773,"featured_media":0,"comment_status":"closed","ping_status":"closed","sticky":false,"template":"","format":"standard","meta":{"fifu_image_url":"","fifu_image_alt":"","footnotes":""},"categories":[73,55],"tags":[],"class_list":["post-86006","post","type-post","status-publish","format-standard","hentry","category-actualite","category-tunisie"],"_links":{"self":[{"href":"https:\/\/linitiative.ca\/International\/wp-json\/wp\/v2\/posts\/86006","targetHints":{"allow":["GET"]}}],"collection":[{"href":"https:\/\/linitiative.ca\/International\/wp-json\/wp\/v2\/posts"}],"about":[{"href":"https:\/\/linitiative.ca\/International\/wp-json\/wp\/v2\/types\/post"}],"author":[{"embeddable":true,"href":"https:\/\/linitiative.ca\/International\/wp-json\/wp\/v2\/users\/1773"}],"replies":[{"embeddable":true,"href":"https:\/\/linitiative.ca\/International\/wp-json\/wp\/v2\/comments?post=86006"}],"version-history":[{"count":0,"href":"https:\/\/linitiative.ca\/International\/wp-json\/wp\/v2\/posts\/86006\/revisions"}],"wp:attachment":[{"href":"https:\/\/linitiative.ca\/International\/wp-json\/wp\/v2\/media?parent=86006"}],"wp:term":[{"taxonomy":"category","embeddable":true,"href":"https:\/\/linitiative.ca\/International\/wp-json\/wp\/v2\/categories?post=86006"},{"taxonomy":"post_tag","embeddable":true,"href":"https:\/\/linitiative.ca\/International\/wp-json\/wp\/v2\/tags?post=86006"}],"curies":[{"name":"wp","href":"https:\/\/api.w.org\/{rel}","templated":true}]}}