{"id":86007,"date":"2020-05-19T15:13:12","date_gmt":"2020-05-19T19:13:12","guid":{"rendered":"https:\/\/linitiative.ca\/International\/pros-naples-lavenir-dounas-lie-au-depart-de-callejon\/"},"modified":"2020-05-19T15:13:12","modified_gmt":"2020-05-19T19:13:12","slug":"pros-naples-lavenir-dounas-lie-au-depart-de-callejon","status":"publish","type":"post","link":"https:\/\/linitiative.ca\/International\/pros-naples-lavenir-dounas-lie-au-depart-de-callejon\/","title":{"rendered":"Pros : Naples: L\u2019avenir d\u2019Ounas li\u00e9 au d\u00e9part de Callej\u00f3n"},"content":{"rendered":"<div readability=\"32\">\n<p>Auteur : <span>Riad O.<\/span> <span class=\"time\">mardi 19 mai 2020 15:24<\/span><\/p>\n<\/div>\n<div id=\"post_core\" readability=\"43\">\n<p>A en croire la presse italienne, l\u2019attaquant, Jos\u00e9 Callej\u00f3n serait plus que jamais proche de quitter Naples cet \u00e9t\u00e9. L\u2019ancien joueur du Real Madrid, et d\u2019apr\u00e8s la m\u00eame source toujours, devrait retourner en Liga pour porter le maillot du FC Valence. Si cette information venait \u00e0 se confirmer, nul ne doute qu\u2019elle fera les affaires d\u2019Adam Ounas. Et pour cause, et apr\u00e8s la fin de son pr\u00eat avec l\u2019OGC Nice, le joueur de l\u2019EN est de retour au Napoli. Alors que le flou plane sur son avenir avec les Partenopei, le d\u00e9part de Callej\u00f3n laissera de la place pour Ounas au sein de la formation entra\u00een\u00e9e Gennaro Gattuso.<\/p>\n<p><strong>Publi\u00e9 dans :<\/strong> <span>Ounas<\/span><\/p>\n<\/div>\n<p>Auteur:<br \/>\n<a href=\"http:\/\/www.lebuteur.com\/article\/detail?titre=naples-lavenir-dounas-lie-au-depart-de-callejon&#038;id=95989&#038;utm_source=feedburner&#038;utm_medium=feed&#038;utm_campaign=Feed%3A+GalerieFArtciles+%28Les+derniers+articles++-+lebuteur.com%29\">Cliquez ici pour lire l&rsquo;article depuis sa source.<\/a><\/p>\n","protected":false},"excerpt":{"rendered":"<p>Auteur : Riad O. mardi 19 mai 2020 15:24 A en croire la presse italienne, l\u2019attaquant, Jos\u00e9 Callej\u00f3n serait plus que jamais proche de quitter Naples cet \u00e9t\u00e9. L\u2019ancien joueur du Real Madrid, et d\u2019apr\u00e8s la m\u00eame source toujours, devrait retourner en Liga pour porter le maillot du FC Valence. Si cette information venait \u00e0 [&hellip;]<\/p>\n","protected":false},"author":1738,"featured_media":86008,"comment_status":"closed","ping_status":"closed","sticky":false,"template":"","format":"standard","meta":{"fifu_image_url":"","fifu_image_alt":"","footnotes":""},"categories":[53,75],"tags":[],"class_list":["post-86007","post","type-post","status-publish","format-standard","has-post-thumbnail","hentry","category-algerie","category-sport"],"_links":{"self":[{"href":"https:\/\/linitiative.ca\/International\/wp-json\/wp\/v2\/posts\/86007","targetHints":{"allow":["GET"]}}],"collection":[{"href":"https:\/\/linitiative.ca\/International\/wp-json\/wp\/v2\/posts"}],"about":[{"href":"https:\/\/linitiative.ca\/International\/wp-json\/wp\/v2\/types\/post"}],"author":[{"embeddable":true,"href":"https:\/\/linitiative.ca\/International\/wp-json\/wp\/v2\/users\/1738"}],"replies":[{"embeddable":true,"href":"https:\/\/linitiative.ca\/International\/wp-json\/wp\/v2\/comments?post=86007"}],"version-history":[{"count":0,"href":"https:\/\/linitiative.ca\/International\/wp-json\/wp\/v2\/posts\/86007\/revisions"}],"wp:featuredmedia":[{"embeddable":true,"href":"https:\/\/linitiative.ca\/International\/wp-json\/"}],"wp:attachment":[{"href":"https:\/\/linitiative.ca\/International\/wp-json\/wp\/v2\/media?parent=86007"}],"wp:term":[{"taxonomy":"category","embeddable":true,"href":"https:\/\/linitiative.ca\/International\/wp-json\/wp\/v2\/categories?post=86007"},{"taxonomy":"post_tag","embeddable":true,"href":"https:\/\/linitiative.ca\/International\/wp-json\/wp\/v2\/tags?post=86007"}],"curies":[{"name":"wp","href":"https:\/\/api.w.org\/{rel}","templated":true}]}}