{"id":86009,"date":"2020-05-19T15:13:14","date_gmt":"2020-05-19T19:13:14","guid":{"rendered":"https:\/\/linitiative.ca\/International\/pros-bennacer-recoit-les-eloges-de-cette-legende-du-milan-ac\/"},"modified":"2020-05-19T15:13:14","modified_gmt":"2020-05-19T19:13:14","slug":"pros-bennacer-recoit-les-eloges-de-cette-legende-du-milan-ac","status":"publish","type":"post","link":"https:\/\/linitiative.ca\/International\/pros-bennacer-recoit-les-eloges-de-cette-legende-du-milan-ac\/","title":{"rendered":"Pros : Bennacer re\u00e7oit les \u00e9loges de cette l\u00e9gende du Milan AC"},"content":{"rendered":"<div readability=\"32\">\n<p>Auteur : <span>Riad Ouenzar<\/span> <span class=\"time\">mardi 19 mai 2020 15:25<\/span><\/p>\n<\/div>\n<div id=\"post_core\" readability=\"41\">\n<p>L\u2019ancien joueur du Milan AC, Alessandro Costacurta a d\u00e9clar\u00e9 que le recrutement d\u2019Isma\u00ebl Bennacer, l\u2019\u00e9t\u00e9 dernier, \u00e9tait un tr\u00e8s bon choix de la part des responsables du club\u00a0:\u00a0\u00abMaldini a recrut\u00e9 trois excellents joueurs au club. Il s\u2019agit de Bennacer, Theo Hernandez et\u00a0 Ante Rebi\u0107. Ce sont des joueurs tr\u00e8s dou\u00e9s avec une forte personnalit\u00e9. Ils m\u00e9ritent amplement de porter le maillot du Milan AC.\u00bb Voila qui devrait faire plaisir \u00e0 Bennacer.<\/p>\n<p><strong>Publi\u00e9 dans :<\/strong> <span>Milan AC<\/span> <span>BENNACER<\/span><\/p>\n<\/div>\n<p>Auteur:<br \/>\n<a href=\"http:\/\/www.lebuteur.com\/article\/detail?titre=bennacer-recoit-les-eloges-de-cette-legende-du-milan-ac&#038;id=95990&#038;utm_source=feedburner&#038;utm_medium=feed&#038;utm_campaign=Feed%3A+GalerieFArtciles+%28Les+derniers+articles++-+lebuteur.com%29\">Cliquez ici pour lire l&rsquo;article depuis sa source.<\/a><\/p>\n","protected":false},"excerpt":{"rendered":"<p>Auteur : Riad Ouenzar mardi 19 mai 2020 15:25 L\u2019ancien joueur du Milan AC, Alessandro Costacurta a d\u00e9clar\u00e9 que le recrutement d\u2019Isma\u00ebl Bennacer, l\u2019\u00e9t\u00e9 dernier, \u00e9tait un tr\u00e8s bon choix de la part des responsables du club\u00a0:\u00a0\u00abMaldini a recrut\u00e9 trois excellents joueurs au club. Il s\u2019agit de Bennacer, Theo Hernandez et\u00a0 Ante Rebi\u0107. Ce sont [&hellip;]<\/p>\n","protected":false},"author":1738,"featured_media":86010,"comment_status":"closed","ping_status":"closed","sticky":false,"template":"","format":"standard","meta":{"fifu_image_url":"","fifu_image_alt":"","footnotes":""},"categories":[53,75],"tags":[],"class_list":["post-86009","post","type-post","status-publish","format-standard","has-post-thumbnail","hentry","category-algerie","category-sport"],"_links":{"self":[{"href":"https:\/\/linitiative.ca\/International\/wp-json\/wp\/v2\/posts\/86009","targetHints":{"allow":["GET"]}}],"collection":[{"href":"https:\/\/linitiative.ca\/International\/wp-json\/wp\/v2\/posts"}],"about":[{"href":"https:\/\/linitiative.ca\/International\/wp-json\/wp\/v2\/types\/post"}],"author":[{"embeddable":true,"href":"https:\/\/linitiative.ca\/International\/wp-json\/wp\/v2\/users\/1738"}],"replies":[{"embeddable":true,"href":"https:\/\/linitiative.ca\/International\/wp-json\/wp\/v2\/comments?post=86009"}],"version-history":[{"count":0,"href":"https:\/\/linitiative.ca\/International\/wp-json\/wp\/v2\/posts\/86009\/revisions"}],"wp:featuredmedia":[{"embeddable":true,"href":"https:\/\/linitiative.ca\/International\/wp-json\/"}],"wp:attachment":[{"href":"https:\/\/linitiative.ca\/International\/wp-json\/wp\/v2\/media?parent=86009"}],"wp:term":[{"taxonomy":"category","embeddable":true,"href":"https:\/\/linitiative.ca\/International\/wp-json\/wp\/v2\/categories?post=86009"},{"taxonomy":"post_tag","embeddable":true,"href":"https:\/\/linitiative.ca\/International\/wp-json\/wp\/v2\/tags?post=86009"}],"curies":[{"name":"wp","href":"https:\/\/api.w.org\/{rel}","templated":true}]}}