{"id":86021,"date":"2020-05-19T15:18:22","date_gmt":"2020-05-19T19:18:22","guid":{"rendered":"https:\/\/linitiative.ca\/International\/deux-jours-de-fete-de-laid-le-confinement-partiel-applicable-de-13h00-a-07h00\/"},"modified":"2020-05-19T15:18:22","modified_gmt":"2020-05-19T19:18:22","slug":"deux-jours-de-fete-de-laid-le-confinement-partiel-applicable-de-13h00-a-07h00","status":"publish","type":"post","link":"https:\/\/linitiative.ca\/International\/deux-jours-de-fete-de-laid-le-confinement-partiel-applicable-de-13h00-a-07h00\/","title":{"rendered":"Deux jours de f\u00eate de l&rsquo;Aid  : Le confinement partiel applicable de 13h00 \u00e0 07h00"},"content":{"rendered":"<p><strong>En application des directives du pr\u00e9sident de la R\u00e9publique, Monsieur Abdelmadjid Tebboune, lors de la r\u00e9union avec les membres du Comit\u00e9 scientifique de suivi de l\u2019\u00e9volution de la pand\u00e9mie de Coronavirus (COVID-19), le Premier ministre, Monsieur Abdelaziz Djerad, a d\u00e9cid\u00e9 la mise en \u0153uvre de mesures compl\u00e9mentaires de pr\u00e9vention \u00e0 observer \u00e0 l\u2019occasion de la f\u00eate de A\u00efd El Fitr.<\/strong><\/p>\n<p>Dans ce cadre, un confinement partiel \u00e0 domicile sera applicable de 13h00 jusqu\u2019au lendemain \u00e0 07h00 \u00e0 toutes les wilayas durant les deux (02) jours de la f\u00eate de A\u00efd El Fitr. Durant ces deux jours, la circulation de tous les v\u00e9hicules, y compris les motocycles, sera \u00e9galement suspendue entre les wilayas et \u00e0 l\u2019int\u00e9rieur de la wilaya.<br \/>Par ailleurs, les enqu\u00eates \u00e9pid\u00e9miologiques r\u00e9alis\u00e9es par les services sp\u00e9cialis\u00e9s du minist\u00e8re de la Sant\u00e9, de la Population et de la R\u00e9forme hospitali\u00e8re ont r\u00e9v\u00e9l\u00e9 que la majorit\u00e9 des cas de contamination a \u00e9t\u00e9 enregistr\u00e9e \u00e0 l\u2019occasion d\u2019\u00e9v\u00e9nements familiaux et de regroupements de personnes.<br \/>Partant de ce constat, le gouvernement fait appel au sens de la responsabilit\u00e9 individuelle et collective et \u00e0 l\u2019extr\u00eame vigilance des citoyens et les exhorte, \u00e0 ce titre, d\u2019\u00e9viter toutes les situations qui favorisent la propagation de l\u2019\u00e9pid\u00e9mie de Coronavirus, en particulier les attroupements de personnes, les regroupements familiaux.<br \/>A cette occasion, le gouvernement rappelle \u00e0 tous les citoyens la n\u00e9cessit\u00e9 d\u2019observer les mesures de pr\u00e9vention et les r\u00e8gles d\u2019hygi\u00e8ne et de distanciation sociale ainsi que l\u2019obligation de porter un masque de protection, en toutes circonstances et en particulier dans les espaces publics ferm\u00e9s ou ouverts, tels que les march\u00e9s, les souks et les cimeti\u00e8res.<br \/>Le d\u00e9faut de port du masque sera sanctionn\u00e9. Pour ce faire, le gouvernement, outre la mobilisation de tout le potentiel national de production de textile, autorise l\u2019ouverture de commerces de gros et de d\u00e9tail de tissus, de mercerie et de bonneterie et d\u2019ateliers de confection afin d\u2019encourager la production des masques grand public.<\/p>\n<p>Auteur: elmoudjahid<br \/>\n<a href=\"http:\/\/www.elmoudjahid.com\/fr\/actualites\/153639\">Cliquez ici pour lire l&rsquo;article depuis sa source.<\/a><\/p>\n","protected":false},"excerpt":{"rendered":"<p>En application des directives du pr\u00e9sident de la R\u00e9publique, Monsieur Abdelmadjid Tebboune, lors de la r\u00e9union avec les membres du Comit\u00e9 scientifique de suivi de l\u2019\u00e9volution de la pand\u00e9mie de Coronavirus (COVID-19), le Premier ministre, Monsieur Abdelaziz Djerad, a d\u00e9cid\u00e9 la mise en \u0153uvre de mesures compl\u00e9mentaires de pr\u00e9vention \u00e0 observer \u00e0 l\u2019occasion de la [&hellip;]<\/p>\n","protected":false},"author":1744,"featured_media":0,"comment_status":"closed","ping_status":"closed","sticky":false,"template":"","format":"standard","meta":{"fifu_image_url":"","fifu_image_alt":"","footnotes":""},"categories":[73,53],"tags":[],"class_list":["post-86021","post","type-post","status-publish","format-standard","hentry","category-actualite","category-algerie"],"_links":{"self":[{"href":"https:\/\/linitiative.ca\/International\/wp-json\/wp\/v2\/posts\/86021","targetHints":{"allow":["GET"]}}],"collection":[{"href":"https:\/\/linitiative.ca\/International\/wp-json\/wp\/v2\/posts"}],"about":[{"href":"https:\/\/linitiative.ca\/International\/wp-json\/wp\/v2\/types\/post"}],"author":[{"embeddable":true,"href":"https:\/\/linitiative.ca\/International\/wp-json\/wp\/v2\/users\/1744"}],"replies":[{"embeddable":true,"href":"https:\/\/linitiative.ca\/International\/wp-json\/wp\/v2\/comments?post=86021"}],"version-history":[{"count":0,"href":"https:\/\/linitiative.ca\/International\/wp-json\/wp\/v2\/posts\/86021\/revisions"}],"wp:attachment":[{"href":"https:\/\/linitiative.ca\/International\/wp-json\/wp\/v2\/media?parent=86021"}],"wp:term":[{"taxonomy":"category","embeddable":true,"href":"https:\/\/linitiative.ca\/International\/wp-json\/wp\/v2\/categories?post=86021"},{"taxonomy":"post_tag","embeddable":true,"href":"https:\/\/linitiative.ca\/International\/wp-json\/wp\/v2\/tags?post=86021"}],"curies":[{"name":"wp","href":"https:\/\/api.w.org\/{rel}","templated":true}]}}