{"id":86023,"date":"2020-05-19T10:50:51","date_gmt":"2020-05-19T14:50:51","guid":{"rendered":"https:\/\/linitiative.ca\/International\/105230-karate-aucune-competition-internationale-n-aura-lieu-avant-novembre\/"},"modified":"2020-05-19T10:50:51","modified_gmt":"2020-05-19T14:50:51","slug":"105230-karate-aucune-competition-internationale-n-aura-lieu-avant-novembre","status":"publish","type":"post","link":"https:\/\/linitiative.ca\/International\/105230-karate-aucune-competition-internationale-n-aura-lieu-avant-novembre\/","title":{"rendered":"Karat\u00e9: aucune comp\u00e9tition internationale n\u2019aura lieu avant novembre"},"content":{"rendered":"<div readability=\"39\">\n<p><strong>ALGER- Les comp\u00e9titions internationales de karat\u00e9-do, toutes report\u00e9es en raison de la pand\u00e9mie de coronavirus (Covid-19), ne devraient pas reprendre avant le mois de novembre, selon l\u2019Alg\u00e9rien Yacine Arab, membre de l\u2019ex\u00e9cutif de la F\u00e9d\u00e9ration mondiale de la discipline (WFK) et pr\u00e9sident de la commission d\u2019organisation des comp\u00e9titions.<\/strong><\/p>\n<\/div>\n<div readability=\"66.277374301676\">\n<p>\u00ab\u00a0Je pense que si le d\u00e9confinement est amorc\u00e9 en juin, les trois tournois qualificatifs pour les Jeux Olympiques (JO) de Tokyo auront lieu en novembre prochain, apr\u00e8s le Championnat du monde de karat\u00e9, initialement pr\u00e9vu avant la premi\u00e8re date des JO-2020\u00a0\u00bb, croit savoir Arab qui aura un droit de regard sur les dates de reprise des diff\u00e9rentes comp\u00e9titions internationales et m\u00eame continentales.<\/p>\n<p>Avant l\u2019arr\u00eat complet des comp\u00e9titions de la WFK, trois tournois (entre Serie A et Premier League) devaient encore avoir lieu entre mars et juin et dont les points acquis par les athl\u00e8tes seront comptabilis\u00e9s dans le classement olympique de qualification.<\/p>\n<blockquote readability=\"8\">\n<p><strong><em>\u00ab\u00a0On avait \u00e0 organiser les Opens de Rabat, Madrid et Paris et arr\u00eater d\u00e9finitivement la liste des 80 athl\u00e8tes (40 messieurs et autant en dames) qui vont repr\u00e9senter le karat\u00e9 pour son bapt\u00eame du feu aux Jeux Olympiques.<\/em><\/strong><\/p>\n<\/blockquote>\n<p>Mais la pand\u00e9mie en a d\u00e9cid\u00e9 autrement, nous contraignant \u00e0 tout reporter\u00a0\u00bb, a expliqu\u00e9 \u00e0 l&rsquo;APS Yacine Arab, ajoutant que \u00ab\u00a0si d\u2019ici \u00e0 juin rien n\u2019est fait, les comp\u00e9titions seront encore retard\u00e9es\u00a0\u00bb.<\/p>\n<hr\/>\n<h3>Lire aussi: <a href=\"https:\/\/41.110.185.2\/proxy\/724d1d65\/http\/www.aps.dz\/sport\/104219-covid19-karate-pas-de-nouvelles-dates-pour-les-tournois-de-qualification-restants\" target=\"_blank\" rel=\"noopener noreferrer\">Covid19-Karat\u00e9: pas de nouvelles dates pour les tournois de qualification restants<\/a><\/h3>\n<hr\/>\n<p>Il est \u00e0 rappeler qu\u2019\u00e0 cause du quota octroy\u00e9 par le Comit\u00e9 international olympique (CIO) pour le karat\u00e9 au rendez-vous nippon, la WFK a \u00e9t\u00e9 contrainte de jumeler les cinq cat\u00e9gories de poids adopt\u00e9es lors des Mondiaux et autres tournois, en trois seulement.<\/p>\n<p>Interrog\u00e9 sur le calendrier de la WFK pour l\u2019ann\u00e9e 2021, le technicien alg\u00e9rien a pr\u00e9cis\u00e9 que les comp\u00e9titions sont maintenues : \u00ab\u00a0Pour l\u2019instant, on ne peut que les maintenir \u00e0 leurs dates initiales. Par contre, les championnats continentaux restants peuvent changer de date (Asie, Panam\u00e9rique et Oc\u00e9anie)\u00a0\u00bb.<\/p>\n<\/div>\n<p>Auteur:<br \/>\n<a href=\"http:\/\/www.aps.dz\/sport\/105230-karate-aucune-competition-internationale-n-aura-lieu-avant-novembre?utm_source=feedburner&#038;utm_medium=feed&#038;utm_campaign=Feed%3A+aps-sport+%28APS+-+SPORT%29\">Cliquez ici pour lire l&rsquo;article depuis sa source.<\/a><\/p>\n","protected":false},"excerpt":{"rendered":"<p>ALGER- Les comp\u00e9titions internationales de karat\u00e9-do, toutes report\u00e9es en raison de la pand\u00e9mie de coronavirus (Covid-19), ne devraient pas reprendre avant le mois de novembre, selon l\u2019Alg\u00e9rien Yacine Arab, membre de l\u2019ex\u00e9cutif de la F\u00e9d\u00e9ration mondiale de la discipline (WFK) et pr\u00e9sident de la commission d\u2019organisation des comp\u00e9titions. \u00ab\u00a0Je pense que si le d\u00e9confinement est [&hellip;]<\/p>\n","protected":false},"author":1790,"featured_media":0,"comment_status":"closed","ping_status":"closed","sticky":false,"template":"","format":"standard","meta":{"fifu_image_url":"","fifu_image_alt":"","footnotes":""},"categories":[53,75],"tags":[],"class_list":["post-86023","post","type-post","status-publish","format-standard","hentry","category-algerie","category-sport"],"_links":{"self":[{"href":"https:\/\/linitiative.ca\/International\/wp-json\/wp\/v2\/posts\/86023","targetHints":{"allow":["GET"]}}],"collection":[{"href":"https:\/\/linitiative.ca\/International\/wp-json\/wp\/v2\/posts"}],"about":[{"href":"https:\/\/linitiative.ca\/International\/wp-json\/wp\/v2\/types\/post"}],"author":[{"embeddable":true,"href":"https:\/\/linitiative.ca\/International\/wp-json\/wp\/v2\/users\/1790"}],"replies":[{"embeddable":true,"href":"https:\/\/linitiative.ca\/International\/wp-json\/wp\/v2\/comments?post=86023"}],"version-history":[{"count":0,"href":"https:\/\/linitiative.ca\/International\/wp-json\/wp\/v2\/posts\/86023\/revisions"}],"wp:attachment":[{"href":"https:\/\/linitiative.ca\/International\/wp-json\/wp\/v2\/media?parent=86023"}],"wp:term":[{"taxonomy":"category","embeddable":true,"href":"https:\/\/linitiative.ca\/International\/wp-json\/wp\/v2\/categories?post=86023"},{"taxonomy":"post_tag","embeddable":true,"href":"https:\/\/linitiative.ca\/International\/wp-json\/wp\/v2\/tags?post=86023"}],"curies":[{"name":"wp","href":"https:\/\/api.w.org\/{rel}","templated":true}]}}