{"id":86026,"date":"2020-05-19T15:22:00","date_gmt":"2020-05-19T19:22:00","guid":{"rendered":"https:\/\/linitiative.ca\/International\/vers-la-designation-dun-nouveau-secretaire-general-du-fln\/"},"modified":"2020-05-19T15:22:00","modified_gmt":"2020-05-19T19:22:00","slug":"vers-la-designation-dun-nouveau-secretaire-general-du-fln","status":"publish","type":"post","link":"https:\/\/linitiative.ca\/International\/vers-la-designation-dun-nouveau-secretaire-general-du-fln\/","title":{"rendered":"Vers la d\u00e9signation d\u2019un nouveau secr\u00e9taire g\u00e9n\u00e9ral du FLN"},"content":{"rendered":"<p><br id=\"sep_para_1\" class=\"sep_para access\"\/><\/p>\n<div id=\"para_1\" class=\"para_37049748 resize\">\n<div class=\"texte access firstletter\">Le FLN d\u00e9signera son futur secr\u00e9taire g\u00e9n\u00e9ral le samedi 30 mai, \u00e0 l\u2019occasion de la r\u00e9union du Comit\u00e9 central\u00a0 au centre international des congr\u00e8s, apr\u00e8s que la direction provisoire actuelle a obtenu\u00a0 l\u2019autorisation du minist\u00e8re de l\u2019Int\u00e9rieur, rapporte une source m\u00e9diatique. En effet,\u00a0 selon une\u00a0 source du parti,\u00a0 il s\u2019agit, au-del\u00e0 de l\u2019\u00e9lection d\u2019un nouvel SG, de doter le parti \u00ab d\u2019un nouveau logiciel politique pour le mettre au diapason\u00a0 des changements politiques intervenus dans la foul\u00e9e de la pr\u00e9sidentielle du 12 d\u00e9cembre, avec l\u2019\u00e9lection du pr\u00e9sident Tebboune. \u00bb Ce nouveau logiciel politique que compte mettre en \u0153uvre le parti\u00a0 doit se traduire \u00e9galement par un rajeunissement au niveau de la nouvelle direction pour permettre au parti d\u2019\u00eatre parti prenante de \u00ab la\u00a0 nouvelle Alg\u00e9rie \u00bb du pr\u00e9sident Tebboune qui , rappelle notre interlocuteur, \u00ab est toujours membre du Comit\u00e9 central du FLN et n\u2019a jamais gel\u00e9 sa participation \u00bb\u00a0\u00a0 La nouvelle direction du parti devrait aussi arr\u00eater s\u2019atteler \u00e0 la pr\u00e9paration des prochaines l\u00e9gislatives anticip\u00e9es, promises par le pr\u00e9sident de la R\u00e9publique, apr\u00e8s l\u2019adoption de la nouvelle constitution et la r\u00e9vision de la loi sur les parti, selon la m\u00eame source.\u00a0<\/div>\n<\/div>\n<p>Auteur: R\u00e9flexion<br \/>\n<a href=\"https:\/\/www.reflexiondz.net\/Vers-la-designation-d-un-nouveau-secretaire-general-du-FLN_a62839.html\">Cliquez ici pour lire l&rsquo;article depuis sa source.<\/a><\/p>\n","protected":false},"excerpt":{"rendered":"<p>Le FLN d\u00e9signera son futur secr\u00e9taire g\u00e9n\u00e9ral le samedi 30 mai, \u00e0 l\u2019occasion de la r\u00e9union du Comit\u00e9 central\u00a0 au centre international des congr\u00e8s, apr\u00e8s que la direction provisoire actuelle a obtenu\u00a0 l\u2019autorisation du minist\u00e8re de l\u2019Int\u00e9rieur, rapporte une source m\u00e9diatique. En effet,\u00a0 selon une\u00a0 source du parti,\u00a0 il s\u2019agit, au-del\u00e0 de l\u2019\u00e9lection d\u2019un nouvel [&hellip;]<\/p>\n","protected":false},"author":1740,"featured_media":0,"comment_status":"closed","ping_status":"closed","sticky":false,"template":"","format":"standard","meta":{"fifu_image_url":"","fifu_image_alt":"","footnotes":""},"categories":[53,76],"tags":[],"class_list":["post-86026","post","type-post","status-publish","format-standard","hentry","category-algerie","category-regions"],"_links":{"self":[{"href":"https:\/\/linitiative.ca\/International\/wp-json\/wp\/v2\/posts\/86026","targetHints":{"allow":["GET"]}}],"collection":[{"href":"https:\/\/linitiative.ca\/International\/wp-json\/wp\/v2\/posts"}],"about":[{"href":"https:\/\/linitiative.ca\/International\/wp-json\/wp\/v2\/types\/post"}],"author":[{"embeddable":true,"href":"https:\/\/linitiative.ca\/International\/wp-json\/wp\/v2\/users\/1740"}],"replies":[{"embeddable":true,"href":"https:\/\/linitiative.ca\/International\/wp-json\/wp\/v2\/comments?post=86026"}],"version-history":[{"count":0,"href":"https:\/\/linitiative.ca\/International\/wp-json\/wp\/v2\/posts\/86026\/revisions"}],"wp:attachment":[{"href":"https:\/\/linitiative.ca\/International\/wp-json\/wp\/v2\/media?parent=86026"}],"wp:term":[{"taxonomy":"category","embeddable":true,"href":"https:\/\/linitiative.ca\/International\/wp-json\/wp\/v2\/categories?post=86026"},{"taxonomy":"post_tag","embeddable":true,"href":"https:\/\/linitiative.ca\/International\/wp-json\/wp\/v2\/tags?post=86026"}],"curies":[{"name":"wp","href":"https:\/\/api.w.org\/{rel}","templated":true}]}}