{"id":86027,"date":"2020-05-19T15:22:00","date_gmt":"2020-05-19T19:22:00","guid":{"rendered":"https:\/\/linitiative.ca\/International\/des-membres-de-la-famille-du-dr-boudissa-testes-positifs-au-coronavirus\/"},"modified":"2020-05-19T15:22:00","modified_gmt":"2020-05-19T19:22:00","slug":"des-membres-de-la-famille-du-dr-boudissa-testes-positifs-au-coronavirus","status":"publish","type":"post","link":"https:\/\/linitiative.ca\/International\/des-membres-de-la-famille-du-dr-boudissa-testes-positifs-au-coronavirus\/","title":{"rendered":"Des membres de la famille du Dr Boudissa test\u00e9s positifs au coronavirus"},"content":{"rendered":"<p><br id=\"sep_para_1\" class=\"sep_para access\"\/><\/p>\n<div id=\"para_1\" class=\"para_37049747 resize\">\n<div class=\"texte access firstletter\">Des analyses par PCR effectu\u00e9es au niveau du laboratoire du CHU Sa\u00e2dna-Abdennour de S\u00e9tif ont confirm\u00e9 la contamination de la fille de deux ans de la d\u00e9funte Wafa Boudissa, et de deux membres de sa belle-famille qui s\u2019agit de sa belle-m\u00e8re et de son beau-fr\u00e8re, rapporte une source m\u00e9diatique. En effet, la m\u00eame source a pr\u00e9cis\u00e9 que, la s\u0153ur de la d\u00e9funte, \u00e2g\u00e9e de 25 ans, atteinte \u00e9galement de Covid-19, est toujours hospitalis\u00e9e \u00e0 l\u2019h\u00f4pital de Bordj Bou-Arr\u00e9ridj o\u00f9 elle a \u00e9t\u00e9 admise depuis une semaine, tandis que, son p\u00e8re et sa m\u00e8re, \u00e9galement test\u00e9s positifs sont aussi en confinement chez eux et en bonne sant\u00e9. Pour rappel, Wafa Boudissa (28 ans), \u00e2g\u00e9e de 28 ans, enceinte de huit mois, est d\u00e9c\u00e9d\u00e9e vendredi, elle \u00e9t\u00e9 infect\u00e9e par le Covid-19 alors qu\u2019elle exer\u00e7ait comme m\u00e9decin g\u00e9n\u00e9raliste \u00e0 l\u2019h\u00f4pital de Ras El Oued.<\/div>\n<\/div>\n<p>Auteur: R\u00e9flexion<br \/>\n<a href=\"https:\/\/www.reflexiondz.net\/Des-membres-de-la-famille-du-Dr-Boudissa-testes-positifs-au-coronavirus_a62838.html\">Cliquez ici pour lire l&rsquo;article depuis sa source.<\/a><\/p>\n","protected":false},"excerpt":{"rendered":"<p>Des analyses par PCR effectu\u00e9es au niveau du laboratoire du CHU Sa\u00e2dna-Abdennour de S\u00e9tif ont confirm\u00e9 la contamination de la fille de deux ans de la d\u00e9funte Wafa Boudissa, et de deux membres de sa belle-famille qui s\u2019agit de sa belle-m\u00e8re et de son beau-fr\u00e8re, rapporte une source m\u00e9diatique. En effet, la m\u00eame source a [&hellip;]<\/p>\n","protected":false},"author":1740,"featured_media":0,"comment_status":"closed","ping_status":"closed","sticky":false,"template":"","format":"standard","meta":{"fifu_image_url":"","fifu_image_alt":"","footnotes":""},"categories":[53,76],"tags":[],"class_list":["post-86027","post","type-post","status-publish","format-standard","hentry","category-algerie","category-regions"],"_links":{"self":[{"href":"https:\/\/linitiative.ca\/International\/wp-json\/wp\/v2\/posts\/86027","targetHints":{"allow":["GET"]}}],"collection":[{"href":"https:\/\/linitiative.ca\/International\/wp-json\/wp\/v2\/posts"}],"about":[{"href":"https:\/\/linitiative.ca\/International\/wp-json\/wp\/v2\/types\/post"}],"author":[{"embeddable":true,"href":"https:\/\/linitiative.ca\/International\/wp-json\/wp\/v2\/users\/1740"}],"replies":[{"embeddable":true,"href":"https:\/\/linitiative.ca\/International\/wp-json\/wp\/v2\/comments?post=86027"}],"version-history":[{"count":0,"href":"https:\/\/linitiative.ca\/International\/wp-json\/wp\/v2\/posts\/86027\/revisions"}],"wp:attachment":[{"href":"https:\/\/linitiative.ca\/International\/wp-json\/wp\/v2\/media?parent=86027"}],"wp:term":[{"taxonomy":"category","embeddable":true,"href":"https:\/\/linitiative.ca\/International\/wp-json\/wp\/v2\/categories?post=86027"},{"taxonomy":"post_tag","embeddable":true,"href":"https:\/\/linitiative.ca\/International\/wp-json\/wp\/v2\/tags?post=86027"}],"curies":[{"name":"wp","href":"https:\/\/api.w.org\/{rel}","templated":true}]}}