{"id":86028,"date":"2020-05-19T15:22:00","date_gmt":"2020-05-19T19:22:00","guid":{"rendered":"https:\/\/linitiative.ca\/International\/djerad-lance-officiellement-la-nouvelle-chaine-el-maarifa\/"},"modified":"2020-05-19T15:22:00","modified_gmt":"2020-05-19T19:22:00","slug":"djerad-lance-officiellement-la-nouvelle-chaine-el-maarifa","status":"publish","type":"post","link":"https:\/\/linitiative.ca\/International\/djerad-lance-officiellement-la-nouvelle-chaine-el-maarifa\/","title":{"rendered":"Djerad lance officiellement  la nouvelle cha\u00eene \u00ab El Maarifa \u00bb"},"content":{"rendered":"<p><br id=\"sep_para_1\" class=\"sep_para access\"\/><\/p>\n<div id=\"para_1\" class=\"para_37049745 resize\">\n<div class=\"texte access firstletter\">A l\u2019occasion du 64e anniversaire de la Journ\u00e9e nationale de l\u2019\u00e9tudiant co\u00efncidant avec le 19 mai, le Premier ministre Abdelaziz Djerrad \u00e0 proc\u00e9d\u00e9, mardi, au lancement de la nouvelle cha\u00eene th\u00e9matique \u00ab El Maarifa \u00bb. La nouvelle cha\u00eene diffusera\u00a0 ses programmes via le satellite alg\u00e9rien Alcomsat-1, elle mettra \u00e0 la disposition des \u00e9l\u00e8ves une s\u00e9rie de cours dans toutes les disciplines des trois cycles d\u2019\u00e9ducation, notamment des classes d\u2019examen, a affirm\u00e9 Abdelaziz\u00a0 Djerrad. M Djerrad a \u00e9galement appel\u00e9 les superviseurs de la cha\u00eene \u00e0 promouvoir l\u2019enseignement des langues \u00e9trang\u00e8res, non seulement en arabe et en fran\u00e7ais, mais plut\u00f4t l\u2019anglais et du chinois. A noter que, la d\u00e9cision du lancement de la nouvelle cha\u00eene a \u00e9t\u00e9 prise lors de la r\u00e9union du conseil des ministres du 10 mai dernier, sous la pr\u00e9sidence de Abdelmadjid Tebboune, en vue de lancer une cha\u00eene th\u00e9matique publique qui sera consacr\u00e9e \u00e0 l\u2019enseignement \u00e0 distance.<\/div>\n<\/div>\n<p>Auteur: R\u00e9flexion<br \/>\n<a href=\"https:\/\/www.reflexiondz.net\/Djerad-lance-officiellement-la-nouvelle-chaine-El-Maarifa_a62837.html\">Cliquez ici pour lire l&rsquo;article depuis sa source.<\/a><\/p>\n","protected":false},"excerpt":{"rendered":"<p>A l\u2019occasion du 64e anniversaire de la Journ\u00e9e nationale de l\u2019\u00e9tudiant co\u00efncidant avec le 19 mai, le Premier ministre Abdelaziz Djerrad \u00e0 proc\u00e9d\u00e9, mardi, au lancement de la nouvelle cha\u00eene th\u00e9matique \u00ab El Maarifa \u00bb. La nouvelle cha\u00eene diffusera\u00a0 ses programmes via le satellite alg\u00e9rien Alcomsat-1, elle mettra \u00e0 la disposition des \u00e9l\u00e8ves une s\u00e9rie [&hellip;]<\/p>\n","protected":false},"author":1740,"featured_media":0,"comment_status":"closed","ping_status":"closed","sticky":false,"template":"","format":"standard","meta":{"fifu_image_url":"","fifu_image_alt":"","footnotes":""},"categories":[53,76],"tags":[],"class_list":["post-86028","post","type-post","status-publish","format-standard","hentry","category-algerie","category-regions"],"_links":{"self":[{"href":"https:\/\/linitiative.ca\/International\/wp-json\/wp\/v2\/posts\/86028","targetHints":{"allow":["GET"]}}],"collection":[{"href":"https:\/\/linitiative.ca\/International\/wp-json\/wp\/v2\/posts"}],"about":[{"href":"https:\/\/linitiative.ca\/International\/wp-json\/wp\/v2\/types\/post"}],"author":[{"embeddable":true,"href":"https:\/\/linitiative.ca\/International\/wp-json\/wp\/v2\/users\/1740"}],"replies":[{"embeddable":true,"href":"https:\/\/linitiative.ca\/International\/wp-json\/wp\/v2\/comments?post=86028"}],"version-history":[{"count":0,"href":"https:\/\/linitiative.ca\/International\/wp-json\/wp\/v2\/posts\/86028\/revisions"}],"wp:attachment":[{"href":"https:\/\/linitiative.ca\/International\/wp-json\/wp\/v2\/media?parent=86028"}],"wp:term":[{"taxonomy":"category","embeddable":true,"href":"https:\/\/linitiative.ca\/International\/wp-json\/wp\/v2\/categories?post=86028"},{"taxonomy":"post_tag","embeddable":true,"href":"https:\/\/linitiative.ca\/International\/wp-json\/wp\/v2\/tags?post=86028"}],"curies":[{"name":"wp","href":"https:\/\/api.w.org\/{rel}","templated":true}]}}