{"id":86029,"date":"2020-05-19T15:22:00","date_gmt":"2020-05-19T19:22:00","guid":{"rendered":"https:\/\/linitiative.ca\/International\/reapparition-du-guepard-saharien-dans-lahaggar\/"},"modified":"2020-05-19T15:22:00","modified_gmt":"2020-05-19T19:22:00","slug":"reapparition-du-guepard-saharien-dans-lahaggar","status":"publish","type":"post","link":"https:\/\/linitiative.ca\/International\/reapparition-du-guepard-saharien-dans-lahaggar\/","title":{"rendered":"R\u00e9apparition du gu\u00e9pard saharien dans l&rsquo;Ahaggar"},"content":{"rendered":"<p><br id=\"sep_para_1\" class=\"sep_para access\"\/><\/p>\n<div id=\"para_1\" class=\"para_37049742 resize\">\n<div class=\"texte access firstletter\">Le gu\u00e9pard saharien, esp\u00e8ce en voie de disparition, est de nouveau r\u00e9apparu dans le parc culturel de l\u2019Ahaggar (Tamanrasset), a r\u00e9v\u00e9l\u00e9 le directeur du projet des parcs culturels alg\u00e9riens (PPCA), Salah Amokrane. Apr\u00e8s plus de dix ans de son dernier signalement, le gu\u00e9pard saharien, esp\u00e8ce inscrite sur la liste rouge menac\u00e9e d\u2019extinction par l\u2019Union internationale pour la conservation de la nature, a \u00e9t\u00e9 observ\u00e9 r\u00e9cemment par les \u00e9quipes scientifiques de l\u2019Office du parc culturel de l\u2019Ahaggar (ONPCA). S\u2019exprimant lors d\u2019un point de presse \u00e0 l\u2019occasion de la cl\u00f4ture du mois du patrimoine 2020, le directeur du Ppca a pr\u00e9sent\u00e9 un court documentaire sur les missions de recherches scientifiques et les images du gu\u00e9pard prises dans l\u2019Atakor au c\u0153ur du parc de l\u2019Ahaggar. Il a expliqu\u00e9 que ce projet a mobilis\u00e9 \u00ab\u00a0une cinquantaine d\u2019agents de l\u2019Onpca de diff\u00e9rentes sp\u00e9cialit\u00e9s pendant 120 jours et 40 cam\u00e9ras fonctionnant en continu g\u00e9n\u00e9rant ainsi une nouvelle banque de donn\u00e9es de plus de 230 000 photos qui sont \u00e0 l\u2019\u00e9tude\u00a0\u00bb. Intervenant par visioconf\u00e9rence depuis Tamanrasset, le directeur de l\u2019Onpca Hamoud Amerzagh a expliqu\u00e9 que ces missions de recherches effectu\u00e9es en 2017,2019 puis en mars dernier ob\u00e9issent \u00e0 un protocole scientifique impliquant les habitants de l\u2019air g\u00e9ographique du parc ainsi que leurs connaissances et savoir-faire. Saluant cette d\u00e9couverte majeure et les efforts de l\u2019\u00e9quipe ayant travaill\u00e9 sur ce projet, la ministre de la Culture Malika Bendouda a rappel\u00e9 le r\u00f4le \u00ab\u00a0important des parcs culturels\u00a0\u00bb, \u00e9tendus sur 43% de la superficie du pays, dans la \u00ab\u00a0pr\u00e9servation de la biodiversit\u00e9 et du patrimoine culturel et naturel\u00a0\u00bb. Pr\u00e9sente \u00e0 ce point de presse, la repr\u00e9sentante r\u00e9sidente du Pnud (Programme des nations unies pour le d\u00e9veloppement) en Alg\u00e9rie, Aliko Blerta, a pour sa part f\u00e9licit\u00e9 l\u2019Alg\u00e9rie pour cette \u00ab\u00a0avanc\u00e9e\u00a0\u00bb et assur\u00e9 du soutien du programme onusien pour \u00ab\u00a0une meilleure pr\u00e9servation de la biodiversit\u00e9 dans les parcs culturels alg\u00e9riens\u00a0\u00bb. Le gu\u00e9pard saharien (Acinonyx jubatus hecki), appel\u00e9 Amayas dans la r\u00e9gion est une esp\u00e8ce menac\u00e9e qui ne compte pas plus de 200 individus \u00e0 travers le monde. Depuis 2016, le PPCA \u0153uvre \u00e0 la mise en place, la r\u00e9alisation et le suivie du projet de conservation de la biodiversit\u00e9 d&rsquo;int\u00e9r\u00eat mondial et utilisation durable des services \u00e9cosyst\u00e9miques dans les parcs culturels en Alg\u00e9rie.<\/div>\n<\/div>\n<p>Auteur: R\u00e9flexion<br \/>\n<a href=\"https:\/\/www.reflexiondz.net\/Reapparition-du-guepard-saharien-dans-l-Ahaggar_a62836.html\">Cliquez ici pour lire l&rsquo;article depuis sa source.<\/a><\/p>\n","protected":false},"excerpt":{"rendered":"<p>Le gu\u00e9pard saharien, esp\u00e8ce en voie de disparition, est de nouveau r\u00e9apparu dans le parc culturel de l\u2019Ahaggar (Tamanrasset), a r\u00e9v\u00e9l\u00e9 le directeur du projet des parcs culturels alg\u00e9riens (PPCA), Salah Amokrane. Apr\u00e8s plus de dix ans de son dernier signalement, le gu\u00e9pard saharien, esp\u00e8ce inscrite sur la liste rouge menac\u00e9e d\u2019extinction par l\u2019Union internationale [&hellip;]<\/p>\n","protected":false},"author":1740,"featured_media":0,"comment_status":"closed","ping_status":"closed","sticky":false,"template":"","format":"standard","meta":{"fifu_image_url":"","fifu_image_alt":"","footnotes":""},"categories":[53,76],"tags":[],"class_list":["post-86029","post","type-post","status-publish","format-standard","hentry","category-algerie","category-regions"],"_links":{"self":[{"href":"https:\/\/linitiative.ca\/International\/wp-json\/wp\/v2\/posts\/86029","targetHints":{"allow":["GET"]}}],"collection":[{"href":"https:\/\/linitiative.ca\/International\/wp-json\/wp\/v2\/posts"}],"about":[{"href":"https:\/\/linitiative.ca\/International\/wp-json\/wp\/v2\/types\/post"}],"author":[{"embeddable":true,"href":"https:\/\/linitiative.ca\/International\/wp-json\/wp\/v2\/users\/1740"}],"replies":[{"embeddable":true,"href":"https:\/\/linitiative.ca\/International\/wp-json\/wp\/v2\/comments?post=86029"}],"version-history":[{"count":0,"href":"https:\/\/linitiative.ca\/International\/wp-json\/wp\/v2\/posts\/86029\/revisions"}],"wp:attachment":[{"href":"https:\/\/linitiative.ca\/International\/wp-json\/wp\/v2\/media?parent=86029"}],"wp:term":[{"taxonomy":"category","embeddable":true,"href":"https:\/\/linitiative.ca\/International\/wp-json\/wp\/v2\/categories?post=86029"},{"taxonomy":"post_tag","embeddable":true,"href":"https:\/\/linitiative.ca\/International\/wp-json\/wp\/v2\/tags?post=86029"}],"curies":[{"name":"wp","href":"https:\/\/api.w.org\/{rel}","templated":true}]}}