{"id":86042,"date":"2020-05-19T11:19:00","date_gmt":"2020-05-19T15:19:00","guid":{"rendered":"https:\/\/linitiative.ca\/International\/samir-meddeb-coronavirus-en-tunisie-de-la-crise-aux-opportunites\/"},"modified":"2020-05-19T11:19:00","modified_gmt":"2020-05-19T15:19:00","slug":"samir-meddeb-coronavirus-en-tunisie-de-la-crise-aux-opportunites","status":"publish","type":"post","link":"https:\/\/linitiative.ca\/International\/samir-meddeb-coronavirus-en-tunisie-de-la-crise-aux-opportunites\/","title":{"rendered":"Samir Meddeb: Coronavirus en Tunisie, de la crise aux opportunit\u00e9s!"},"content":{"rendered":"<p><img decoding=\"async\" src=\"\/uploads\/FCK_files\/Samir-Meddeb.jpg\" width=\"30%\" vspace=\"5\" hspace=\"5\" align=\"left\" alt=\"\"\/>Le coronavirus ou le Covid-19 a fait ses premi\u00e8res apparitions au grand jour en fin d\u2019ann\u00e9e 2019 avec ses premiers ravages \u00e0 plusieurs milliers de kilom\u00e8tres de chez nous en Chine lointaine.\u00a0<\/p>\n<p>Personne ne pensait en ce moment que ce virus allait gagner la totalit\u00e9 de la plan\u00e8te en si peu de temps. Le Covid-19 a progress\u00e9 en effet si rapidement qu\u2019il a conquis \u00e0 peine en trois mois l\u2019ensemble des continents, de mani\u00e8re certes in\u00e9gale, ne laissant pratiquement aucun pays \u00e0 l\u2019abri d\u2019une catastrophe annonc\u00e9e. Son ancrage dans les populations s\u2019est fait toutefois de mani\u00e8re in\u00e9gale et pr\u00e9f\u00e9rentielle.<\/p>\n<p>Une partie de la Chine, la Cor\u00e9e, l\u2019Europe occidentale et la c\u00f4te est des Etats Unis ont \u00e9t\u00e9 principalement les zones de choix du Covid-19. Ailleurs, la panique s\u2019est tr\u00e8s rapidement install\u00e9e et la quasi-totalit\u00e9 des pays touch\u00e9s par le Covid se sont renferm\u00e9s sur eux-m\u00eames, appliquant, ainsi, l\u2019approche pr\u00f4n\u00e9e et vite g\u00e9n\u00e9ralis\u00e9e, celle du confinement et du repli sur soi. Strat\u00e9gie appliqu\u00e9e pour se pr\u00e9venir d\u2019une part de la transmission du virus et couper ainsi les ponts, tel qu\u2019il a \u00e9t\u00e9 avanc\u00e9 et pour donner, d\u2019autre part aux diff\u00e9rents syst\u00e8mes de sant\u00e9 des pays respectifs, la capacit\u00e9 de g\u00e9rer une crise sanitaire sui risquerait de d\u00e9passer tr\u00e8s rapidement leurs moyens et capacit\u00e9s.<\/p>\n<p>Ces deux derniers mois ont \u00e9t\u00e9 v\u00e9cus de mani\u00e8re in\u00e9gale d\u2019un pays \u00e0 l\u2019autre ; les plus touch\u00e9s ont sombr\u00e9 dans des drames extr\u00eamement douloureux voyant quotidiennement des centaines de leurs compatriotes et proches succomber \u00e0 la force de frappe d\u2019un virus m\u00e9connu mais extr\u00eamement virulent. Les autres, au contraire, beaucoup plus \u00e9pargn\u00e9s ont observ\u00e9 quotidiennement et dans l\u2019angoisse l\u2019\u00e9volution du nombre de cas contamin\u00e9s et comptabilis\u00e9 leurs morts.<\/p>\n<p>Cependant, et quelles que soient les situations sanitaires des uns et des autres, les diff\u00e9rentes populations appuy\u00e9es et plus ou moins encadr\u00e9es par leurs administrations respectives se sont tr\u00e8s rapidement r\u00e9organis\u00e9es socialement et \u00e9conomiquement pour faire face \u00e0 une situation in\u00e9dite qui s\u2019annon\u00e7ait d\u00e9j\u00e0 durer dans le temps.<\/p>\n<p>Des d\u00e9fis sont apparus tr\u00e8s rapidement et les personnes et groupes de personnes concern\u00e9es ont \u00e9t\u00e9 amen\u00e9es spontan\u00e9ment et dans une certaine magie de r\u00e9sistance et de survie \u00e0 trouver des solutions \u00e0 tant probl\u00e8mes.<\/p>\n<p>Successivement et sur la base des exp\u00e9riences v\u00e9cues et observ\u00e9es chez nous en Tunisie et ailleurs, au cours de ces dix derni\u00e8res semaines, les populations ont commenc\u00e9 \u00e0 apporter des r\u00e9ponses plus ou moins \u00e9labor\u00e9es \u00e0 une s\u00e9rie de d\u00e9fis majeurs, parmi lesquels nous citons et dans l\u2019ordre de leurs apparitions:<\/p>\n<p class=\"c3\"><span class=\"c2\"><strong>i)<\/strong><\/span> S\u2019alimenter et s\u2019approvisionner r\u00e9guli\u00e8rement en pain, farine, denr\u00e9es alimentaires d\u2019une mani\u00e8re g\u00e9n\u00e9rale et en produits agricoles;<\/p>\n<p class=\"c3\"><span class=\"c2\"><strong>ii)<\/strong><\/span> Acc\u00e9der aux m\u00e9dicaments et aux soins;<\/p>\n<p class=\"c3\"><span class=\"c2\"><strong>iii)<\/strong><\/span> Se d\u00e9placer pour satisfaire des besoins urgents;<\/p>\n<p class=\"c3\"><span class=\"c2\"><strong>iv)<\/strong><\/span> Se nettoyer et garder son environnement imm\u00e9diat dans un niveau d\u2019hygi\u00e8ne acceptable afin de se pr\u00e9venir de toute contamination;<\/p>\n<p class=\"c3\"><span class=\"c2\"><strong>v)<\/strong><\/span> Garder un minimum de contact avec l\u2019administration locale et centrale afin d\u2019acc\u00e9der \u00e0 certains services de base;<\/p>\n<p class=\"c3\"><span class=\"c2\"><strong>vi)<\/strong><\/span> Travailler pour recr\u00e9er de la richesse dont le besoin commence \u00e0 se faire sentir;<\/p>\n<p class=\"c3\"><span class=\"c2\"><strong>vii)<\/strong><\/span> Eduquer les jeunes et les enfants dont certains et particuli\u00e8rement les plus vuln\u00e9rables commencent \u00e0 afficher des signes inqui\u00e9tants de d\u00e9crochement.<\/p>\n<p>La population tunisienne en harmonie assez remarquable avec son administration, \u00e0 l\u2019instar de diff\u00e9rentes populations dans le monde et dans un \u00e9lan presque collectif a apport\u00e9 dans un temps assez court, \u00e0 des niveaux plus ou moins avanc\u00e9s, un d\u00e9but de r\u00e9ponses aux diff\u00e9rents d\u00e9fis d\u00e9j\u00e0 \u00e9voqu\u00e9s.<br \/>Ces r\u00e9ponses se sont structur\u00e9es et mat\u00e9rialis\u00e9es de la mani\u00e8re suivante :<\/p>\n<p class=\"c3\"><span class=\"c2\"><strong>1.<\/strong><\/span> Des jeunes et moins jeunes, hommes et femmes, ch\u00f4meurs et personnes ayant perdu leurs activit\u00e9s \u00e0 cause de la crise se sont regroup\u00e9s en r\u00e9seaux et en petites structures de proximit\u00e9 sur la base des besoins imm\u00e9diats et urgents des habitants d\u2019un quartier donn\u00e9 ou d\u2019une localit\u00e9 pour r\u00e9pondre \u00e0 leurs n\u00e9cessit\u00e9s en aliments et particuli\u00e8rement en produits agricoles. Les bases de l\u2019Economie Sociale et Solidaire ont \u00e9t\u00e9 ainsi lanc\u00e9es spontan\u00e9ment dans toutes les villes, villages et quartiers de Tunisie.<\/p>\n<p class=\"c3\"><span class=\"c2\"><strong>2.<\/strong><\/span> La population enti\u00e8re en symbiose avec les diff\u00e9rents responsables politiques a appuy\u00e9 les diff\u00e9rents \u00e9tablissements de sant\u00e9 tout en encourageant et saluant l\u2019effort de l\u2019ensemble du corps m\u00e9dical. Cet \u00e9lan a tr\u00e8s rapidement rehauss\u00e9 le syst\u00e8me de sant\u00e9 en Tunisie, dans les grandes villes ainsi qu\u2019\u00e0 l\u2019int\u00e9rieur du pays dans les zones les plus recul\u00e9es, au niveau d\u2019un socle structurant les bases de la solidarit\u00e9 et la p\u00e9rennit\u00e9 de la soci\u00e9t\u00e9 tunisienne.<\/p>\n<p class=\"c3\"><span class=\"c2\"><strong>3.<\/strong><\/span> Dans les diff\u00e9rents espaces \u00e0 l\u2019int\u00e9rieur des foyers, dans les lieux de commerces, au sein des locaux administratifs ainsi que dans certains quartiers en ville ; les gestionnaires responsables ont accord\u00e9 un int\u00e9r\u00eat accru \u00e0 l\u2019hygi\u00e8ne et la salubrit\u00e9 des lieux et ce afin de se pr\u00e9venir contre toute les formes de contamination possible. Aussi et malgr\u00e9 les conditions difficiles du moment les d\u00e9partements concern\u00e9s ont continu\u00e9 et dans ce sens \u00e0 mener les t\u00e2ches qui leur incombent en mati\u00e8re de gestion des d\u00e9chets et des eaux us\u00e9es.<\/p>\n<p class=\"c3\"><span class=\"c2\"><strong>4.<\/strong><\/span> Un grand nombre de tunisiens et ceux particuli\u00e8rement actifs dans le domaine des services ont \u00e9volu\u00e9 tr\u00e8s rapidement en peu de jours vers des modes de travail \u00e0 distance, utilisant de mani\u00e8re de plus en plus massive les outils de communication dont ils disposent et qui \u00e9taient jusqu\u2019\u00e0 maintenant tr\u00e8s peu exploit\u00e9s.<\/p>\n<p class=\"c3\"><span class=\"c2\"><strong>5.<\/strong><\/span> Les m\u00eames tunisiens et bien d\u2019autres, particuli\u00e8rement les gestionnaires de leurs propres entreprises petites ou grandes, ont d\u00e9couvert de nouvelles initiatives de digitalisation de certains services publics d\u00e9velopp\u00e9s \u00e0 la h\u00e2te en vue de r\u00e9pondre aux besoins pressants de certaines entreprises.<\/p>\n<p class=\"c3\"><span class=\"c2\"><strong>6.<\/strong><\/span> Dernier aspect qui a \u00e9merg\u00e9 au cours de cette p\u00e9riode de confinement est celui du d\u00e9veloppement de l\u2019enseignement \u00e0 distance, limit\u00e9 malheureusement au niveau universitaire. Initiative qui a observ\u00e9 un d\u00e9marrage difficile mais qui a tr\u00e8s rapidement progress\u00e9 et \u00e9volu\u00e9 faisant m\u00eame assez rapidement de cette pratique de nombreux adeptes.\u00a0\u00a0\u00a0\u00a0\u00a0\u00a0\u00a0\u00a0\u00a0\u00a0\u00a0\u00a0\u00a0<\/p>\n<p>De ce qui vient d\u2019\u00eatre pr\u00e9sent\u00e9, trois piliers majeurs apparaissent comme fondamentaux dans le d\u00e9veloppement et le repositionnement de la soci\u00e9t\u00e9 tunisienne dans la perspective du renforcement de sa r\u00e9silience et de sa capacit\u00e9 \u00e0 surpasser les d\u00e9fis et les al\u00e9as de tout genre qui risquent de se multiplier et gagner en ampleur au cours des prochaines p\u00e9riodes.<\/p>\n<p>Il s\u2019agit particuli\u00e8rement de:\u00a0<\/p>\n<p class=\"c3\"><span class=\"c2\"><strong>I)<\/strong><\/span> l\u2019\u00e9conomie sociale et solidaire afin d\u2019en faire un nouveau et puissant levier de lutte contre la pauvret\u00e9 et de d\u00e9veloppement socio\u00e9conomique d\u2019une mani\u00e8re g\u00e9n\u00e9rale, particuli\u00e8rement aupr\u00e8s des populations les plus d\u00e9munies,<\/p>\n<p class=\"c3\"><span class=\"c2\"><strong>II)<\/strong><\/span> la sant\u00e9, l\u2019hygi\u00e8ne et la protection de l\u2019environnement en tant que base fondamentale pour tout essor social et pour tout d\u00e9veloppement inclusif, indispensable \u00e0 la stabilit\u00e9 et au d\u00e9veloppement du pays,<\/p>\n<p class=\"c3\"><span class=\"c2\"><strong>III)<\/strong><\/span> l\u2019acc\u00e9l\u00e9ration des diff\u00e9rents processus de digitalisation au niveau de l\u2019administration, des diff\u00e9rents services ainsi qu\u2019au niveau d\u2019une grande partie de l\u2019enseignement et de la formation d\u2019une mani\u00e8re g\u00e9n\u00e9rale.<\/p>\n<p>Cette derni\u00e8re voie de digitalisation massive et \u00e0 c\u00f4t\u00e9 de ses retomb\u00e9es positives directes aura un impact tr\u00e8s fort sur au moins trois aspects et domaines essentiels,<\/p>\n<p class=\"c3\"><span class=\"c2\"><strong>I)<\/strong><\/span> le transport et les distances parcourues qui seront forc\u00e9ment r\u00e9duites,<\/p>\n<p class=\"c3\"><span class=\"c2\"><strong>II)<\/strong><\/span> les b\u00e2timents qui seront r\u00e9fl\u00e9chies et con\u00e7us diff\u00e9remment en fonction des nouveaux besoins, certainement moins importants et<\/p>\n<p class=\"c3\"><span class=\"c2\"><strong>III)<\/strong><\/span> l\u2019enseignement qui gagnera en professionnalisme et en qualit\u00e9 avec une diffusion plus ais\u00e9e et plus g\u00e9n\u00e9ralis\u00e9e des produits de la formation.<\/p>\n<p>Trois aspects qui conditionneront certainement la planification, l\u2019am\u00e9nagement et la gestion de la ville de demain \u00e0 laquelle nous aspirons, \u00e0 savoir une ville fonctionnelle, cr\u00e9atrice de richesse, performante et o\u00f9 il fait collectivement bon vivre.<\/p>\n<p>Tant de voies porteuses d\u2019espoir pour le Tunisie. Seulement leur mise en application demeure encore largement tributaire de l\u2019instauration de toutes les conditions politico-sociales n\u00e9cessaires pour que la majorit\u00e9 des intervenants publics et priv\u00e9s puissent fonctionner ensemble de mani\u00e8re coh\u00e9rente en direction d\u2019objectifs majoritairement accept\u00e9s.\u00a0<\/p>\n<p class=\"c5\"><strong>Samir Meddeb<\/strong><br \/><span class=\"c4\"><em>Consultant en Environnement et<br \/>D\u00e9veloppement Durable<\/em><\/span><br \/>\u00a0<\/p>\n<p>Auteur:<br \/>\n<a href=\"https:\/\/www.leaders.com.tn\/article\/29963-samir-meddeb-coronavirus-en-tunisie-de-la-crise-aux-opportunites\">Cliquez ici pour lire l&rsquo;article depuis sa source.<\/a><\/p>\n","protected":false},"excerpt":{"rendered":"<p>Le coronavirus ou le Covid-19 a fait ses premi\u00e8res apparitions au grand jour en fin d\u2019ann\u00e9e 2019 avec ses premiers ravages \u00e0 plusieurs milliers de kilom\u00e8tres de chez nous en Chine lointaine.\u00a0 Personne ne pensait en ce moment que ce virus allait gagner la totalit\u00e9 de la plan\u00e8te en si peu de temps. Le Covid-19 [&hellip;]<\/p>\n","protected":false},"author":1772,"featured_media":86043,"comment_status":"closed","ping_status":"closed","sticky":false,"template":"","format":"standard","meta":{"fifu_image_url":"","fifu_image_alt":"","footnotes":""},"categories":[73,55],"tags":[],"class_list":["post-86042","post","type-post","status-publish","format-standard","has-post-thumbnail","hentry","category-actualite","category-tunisie"],"_links":{"self":[{"href":"https:\/\/linitiative.ca\/International\/wp-json\/wp\/v2\/posts\/86042","targetHints":{"allow":["GET"]}}],"collection":[{"href":"https:\/\/linitiative.ca\/International\/wp-json\/wp\/v2\/posts"}],"about":[{"href":"https:\/\/linitiative.ca\/International\/wp-json\/wp\/v2\/types\/post"}],"author":[{"embeddable":true,"href":"https:\/\/linitiative.ca\/International\/wp-json\/wp\/v2\/users\/1772"}],"replies":[{"embeddable":true,"href":"https:\/\/linitiative.ca\/International\/wp-json\/wp\/v2\/comments?post=86042"}],"version-history":[{"count":0,"href":"https:\/\/linitiative.ca\/International\/wp-json\/wp\/v2\/posts\/86042\/revisions"}],"wp:featuredmedia":[{"embeddable":true,"href":"https:\/\/linitiative.ca\/International\/wp-json\/"}],"wp:attachment":[{"href":"https:\/\/linitiative.ca\/International\/wp-json\/wp\/v2\/media?parent=86042"}],"wp:term":[{"taxonomy":"category","embeddable":true,"href":"https:\/\/linitiative.ca\/International\/wp-json\/wp\/v2\/categories?post=86042"},{"taxonomy":"post_tag","embeddable":true,"href":"https:\/\/linitiative.ca\/International\/wp-json\/wp\/v2\/tags?post=86042"}],"curies":[{"name":"wp","href":"https:\/\/api.w.org\/{rel}","templated":true}]}}