{"id":86049,"date":"2020-05-19T11:15:21","date_gmt":"2020-05-19T15:15:21","guid":{"rendered":"https:\/\/linitiative.ca\/International\/video-marrakech-comme-vous-ne-lavez-jamais-vue\/"},"modified":"2020-05-19T11:15:21","modified_gmt":"2020-05-19T15:15:21","slug":"video-marrakech-comme-vous-ne-lavez-jamais-vue","status":"publish","type":"post","link":"https:\/\/linitiative.ca\/International\/video-marrakech-comme-vous-ne-lavez-jamais-vue\/","title":{"rendered":"Vid\u00e9o. Marrakech comme vous ne l\u2019avez jamais vue"},"content":{"rendered":"<p><strong>La ville ocre d\u00e9voile sa beaut\u00e9 \u00e0 travers une s\u00e9rie de clich\u00e9s in\u00e9dits, une initiative b\u00e9n\u00e9vole pour faire red\u00e9couvrir le charme de la premi\u00e8re destination touristique du royaume.<\/strong><\/p>\n<div class=\"c10\"\/>\n<p>Marrakech se mobilise pour surmonter la crise du covid-19. Une vaste campagne de communication a \u00e9t\u00e9 mise en place pour relancer l\u2019activit\u00e9 touristique de la ville. Projet initi\u00e9 par la Wilaya de la r\u00e9gion Marrakech-Safi en collaboration avec le CRT Marrakech-R\u00e9gion (Visit Marrakech &amp; Region) et DELIGHT Event Management, cette action b\u00e9n\u00e9vole est un appel \u00e0 red\u00e9couvrir la magie de la ville ocre \u00ab\u00a0comme vous ne l\u2019avez jamais vue auparavant !\u00a0\u00bb, calme, silencieuse, paisible\u2026<\/p>\n<p>Marrakech qui impressionne toujours par sa beaut\u00e9 unique, fait preuve aujourd\u2019hui de sa capacit\u00e9 \u00e0 se r\u00e9inventer en d\u00e9ployant une communication \u00ab\u00a0r\u00e9guli\u00e8re et cibl\u00e9e\u00a0\u00bb, \u00e0 travers la r\u00e9alisation de <a href=\"https:\/\/photos.google.com\/share\/AF1QipPebbGfw7c6Sf-YgjFO0ByFFjlg2m5Dh_LJBLdKke3Ms0kz7tlb6C4_w-hsVZeQFQ?key=eG82WmFybktsdDY5NldjTjEtSU53WjU3bTRxaW9B\">clich\u00e9s photographiques<\/a> d\u2019une rare expression dans un contexte de confinement.<\/p>\n<p>Une signature de l\u2019artiste photographe Caroline Darcourt, ces photos sont prises sur 10 journ\u00e9es pour le compte de l\u2019agence d\u2019\u00e9v\u00e8nementiel haut de gamme Delight, organisatrice du d\u00e9fil\u00e9 Dior \u00e0 Marrakech. Elles seront suivies d\u2019une s\u00e9rie de photos en mode nocturne et des vues de ciel par drone.<\/p>\n<div class=\"wp-block-embed__wrapper\"><iframe loading=\"lazy\" title=\"#StayAtHome #MarrakechComesToYou Marrakech Comes To You FR | visitMarrakech\" width=\"1140\" height=\"641\" src=\"https:\/\/www.youtube.com\/embed\/BqPgnP1ANjI?feature=oembed\" frameborder=\"0\" allow=\"accelerometer; autoplay; encrypted-media; gyroscope; picture-in-picture\" allowfullscreen=\"\">[embedded content]<\/iframe><\/div>\n<div class=\"wp-block-embed__wrapper\"><iframe loading=\"lazy\" title=\"#Marrakech_Ocean_Drive \/ Essaouira to Marrakech \/ Essaouira Ocean Road \/ by VisitMarrakech\" width=\"1140\" height=\"641\" src=\"https:\/\/www.youtube.com\/embed\/3Ad_AmpTGtQ?feature=oembed\" frameborder=\"0\" allow=\"accelerometer; autoplay; encrypted-media; gyroscope; picture-in-picture\" allowfullscreen=\"\">[embedded content]<\/iframe><\/div>\n<div class=\"c45\">\n<fieldset class=\"c44\">\n<legend><strong><span class=\"c39\">Challenge<\/span><span class=\"c40\">news<\/span><\/strong><\/legend>\n<div class=\"c43\">Le meilleur de Challenge s\u00e9lectionn\u00e9 par la r\u00e9daction :<\/p>\n<\/div>\n<\/fieldset>\n<\/div>\n<p>Auteur: Hassan Manyani<br \/>\n<a href=\"https:\/\/www.challenge.ma\/marrakech-comme-vous-ne-lavez-jamais-vue-140389\/\">Cliquez ici pour lire l&rsquo;article depuis sa source.<\/a><\/p>\n","protected":false},"excerpt":{"rendered":"<p>La ville ocre d\u00e9voile sa beaut\u00e9 \u00e0 travers une s\u00e9rie de clich\u00e9s in\u00e9dits, une initiative b\u00e9n\u00e9vole pour faire red\u00e9couvrir le charme de la premi\u00e8re destination touristique du royaume. Marrakech se mobilise pour surmonter la crise du covid-19. Une vaste campagne de communication a \u00e9t\u00e9 mise en place pour relancer l\u2019activit\u00e9 touristique de la ville. Projet [&hellip;]<\/p>\n","protected":false},"author":1787,"featured_media":0,"comment_status":"closed","ping_status":"closed","sticky":false,"template":"","format":"standard","meta":{"fifu_image_url":"","fifu_image_alt":"","footnotes":""},"categories":[78,54],"tags":[],"class_list":["post-86049","post","type-post","status-publish","format-standard","hentry","category-economie","category-maroc"],"_links":{"self":[{"href":"https:\/\/linitiative.ca\/International\/wp-json\/wp\/v2\/posts\/86049","targetHints":{"allow":["GET"]}}],"collection":[{"href":"https:\/\/linitiative.ca\/International\/wp-json\/wp\/v2\/posts"}],"about":[{"href":"https:\/\/linitiative.ca\/International\/wp-json\/wp\/v2\/types\/post"}],"author":[{"embeddable":true,"href":"https:\/\/linitiative.ca\/International\/wp-json\/wp\/v2\/users\/1787"}],"replies":[{"embeddable":true,"href":"https:\/\/linitiative.ca\/International\/wp-json\/wp\/v2\/comments?post=86049"}],"version-history":[{"count":0,"href":"https:\/\/linitiative.ca\/International\/wp-json\/wp\/v2\/posts\/86049\/revisions"}],"wp:attachment":[{"href":"https:\/\/linitiative.ca\/International\/wp-json\/wp\/v2\/media?parent=86049"}],"wp:term":[{"taxonomy":"category","embeddable":true,"href":"https:\/\/linitiative.ca\/International\/wp-json\/wp\/v2\/categories?post=86049"},{"taxonomy":"post_tag","embeddable":true,"href":"https:\/\/linitiative.ca\/International\/wp-json\/wp\/v2\/tags?post=86049"}],"curies":[{"name":"wp","href":"https:\/\/api.w.org\/{rel}","templated":true}]}}