{"id":86050,"date":"2020-05-19T11:40:22","date_gmt":"2020-05-19T15:40:22","guid":{"rendered":"https:\/\/linitiative.ca\/International\/enseignement-francais-les-parents-deleves-montent-au-creneau\/"},"modified":"2020-05-19T11:40:22","modified_gmt":"2020-05-19T15:40:22","slug":"enseignement-francais-les-parents-deleves-montent-au-creneau","status":"publish","type":"post","link":"https:\/\/linitiative.ca\/International\/enseignement-francais-les-parents-deleves-montent-au-creneau\/","title":{"rendered":"Enseignement fran\u00e7ais : les parents d\u2019\u00e9l\u00e8ves montent au cr\u00e9neau"},"content":{"rendered":"<p><strong>Le Groupement des associations des parents d\u2019\u00e9l\u00e8ves des \u00e9tablissements d\u2019enseignement fran\u00e7ais au Maroc (APEK, API, CAPE et PEEP) se dit contre le maintien des frais de scolarit\u00e9 du troisi\u00e8me trimestre inchang\u00e9s.<\/strong><\/p>\n<div class=\"c10\"\/>\n<p>Les n\u00e9gociations avec l\u2019Agence De l\u2019Enseignement Fran\u00e7ais \u00e0 l\u2019Etranger (AEFE) sont toujours en cours pour ajuster cette facturation selon le service rendu et comme soutien aux efforts financiers compl\u00e9mentaires engendr\u00e9s aux familles par l\u2019enseignement \u00e0 distance en cette p\u00e9riode de crise.<\/p>\n<p>Une enqu\u00eate d\u2019\u00e9valuation de l\u2019enseignement \u00e0 distance, depuis le d\u00e9but du confinement, fait ressortir l\u2019avis des parents qui sont pour une facture \u00ab\u00a0n\u00e9goci\u00e9e\u00a0\u00bb tenant compte du surco\u00fbt support\u00e9 par les familles et pour une homog\u00e9n\u00e9isation et une mise \u00e0 niveau de l\u2019enseignement \u00e0 distance. Le groupement insiste \u00e9galement sur la r\u00e9vision du contrat financier, pr\u00e9cisant les obligations des parties ainsi que les modalit\u00e9s du e-learning qui seront d\u00e9sormais applicables.<\/p>\n<p>Lire aussi : <a href=\"https:\/\/www.challenge.ma\/lagence-de-lenseignement-du-francais-a-letranger-sexprime-sur-les-frais-de-scolarite-140354\/\" target=\"_blank\" rel=\"noreferrer noopener\" aria-label=\" (s&#x2019;ouvre dans un nouvel onglet)\">L\u2019Agence de l\u2019nseignement du Fran\u00e7ais \u00e0 l\u2019Etranger s\u2019exprime sur les frais de scolarit\u00e9<\/a><\/p>\n<p>Les parents revendiquent le gel des augmentations des frais de scolarit\u00e9s sur les trois prochaines ann\u00e9es, un moratoire sur les travaux non engag\u00e9s en donnant la priorit\u00e9 au num\u00e9rique et une homog\u00e9n\u00e9isation et une mise \u00e0 niveau de l\u2019enseignement \u00e0 distance.<\/p>\n<div class=\"c17\">\n<fieldset class=\"c16\">\n<legend><strong><span class=\"c11\">Challenge<\/span><span class=\"c12\">news<\/span><\/strong><\/legend>\n<div class=\"c15\">Le meilleur de Challenge s\u00e9lectionn\u00e9 par la r\u00e9daction :<\/p>\n<\/div>\n<\/fieldset>\n<\/div>\n<p>Auteur: Karim Handaoui<br \/>\n<a href=\"https:\/\/www.challenge.ma\/enseignement-francais-les-parents-deleves-montent-au-creneau-140845\/\">Cliquez ici pour lire l&rsquo;article depuis sa source.<\/a><\/p>\n","protected":false},"excerpt":{"rendered":"<p>Le Groupement des associations des parents d\u2019\u00e9l\u00e8ves des \u00e9tablissements d\u2019enseignement fran\u00e7ais au Maroc (APEK, API, CAPE et PEEP) se dit contre le maintien des frais de scolarit\u00e9 du troisi\u00e8me trimestre inchang\u00e9s. Les n\u00e9gociations avec l\u2019Agence De l\u2019Enseignement Fran\u00e7ais \u00e0 l\u2019Etranger (AEFE) sont toujours en cours pour ajuster cette facturation selon le service rendu et comme [&hellip;]<\/p>\n","protected":false},"author":1787,"featured_media":0,"comment_status":"closed","ping_status":"closed","sticky":false,"template":"","format":"standard","meta":{"fifu_image_url":"","fifu_image_alt":"","footnotes":""},"categories":[78,54],"tags":[],"class_list":["post-86050","post","type-post","status-publish","format-standard","hentry","category-economie","category-maroc"],"_links":{"self":[{"href":"https:\/\/linitiative.ca\/International\/wp-json\/wp\/v2\/posts\/86050","targetHints":{"allow":["GET"]}}],"collection":[{"href":"https:\/\/linitiative.ca\/International\/wp-json\/wp\/v2\/posts"}],"about":[{"href":"https:\/\/linitiative.ca\/International\/wp-json\/wp\/v2\/types\/post"}],"author":[{"embeddable":true,"href":"https:\/\/linitiative.ca\/International\/wp-json\/wp\/v2\/users\/1787"}],"replies":[{"embeddable":true,"href":"https:\/\/linitiative.ca\/International\/wp-json\/wp\/v2\/comments?post=86050"}],"version-history":[{"count":0,"href":"https:\/\/linitiative.ca\/International\/wp-json\/wp\/v2\/posts\/86050\/revisions"}],"wp:attachment":[{"href":"https:\/\/linitiative.ca\/International\/wp-json\/wp\/v2\/media?parent=86050"}],"wp:term":[{"taxonomy":"category","embeddable":true,"href":"https:\/\/linitiative.ca\/International\/wp-json\/wp\/v2\/categories?post=86050"},{"taxonomy":"post_tag","embeddable":true,"href":"https:\/\/linitiative.ca\/International\/wp-json\/wp\/v2\/tags?post=86050"}],"curies":[{"name":"wp","href":"https:\/\/api.w.org\/{rel}","templated":true}]}}