{"id":86092,"date":"2020-05-19T15:41:05","date_gmt":"2020-05-19T19:41:05","guid":{"rendered":"https:\/\/linitiative.ca\/International\/covid-19-le-mincom-recoit-400-megaphones-pour-la-sensibilisation\/"},"modified":"2020-05-19T15:41:05","modified_gmt":"2020-05-19T19:41:05","slug":"covid-19-le-mincom-recoit-400-megaphones-pour-la-sensibilisation","status":"publish","type":"post","link":"https:\/\/linitiative.ca\/International\/covid-19-le-mincom-recoit-400-megaphones-pour-la-sensibilisation\/","title":{"rendered":"Covid-19 : le Mincom re\u00e7oit 400 m\u00e9gaphones pour la sensibilisation"},"content":{"rendered":"<div id=\"the-post\">\n<div class=\"featured-area featured-area-inner\"><img loading=\"lazy\" decoding=\"async\" width=\"300\" height=\"300\" src=\"https:\/\/ecomatin.net\/wp-content\/uploads\/2020\/05\/rep-unicef.jpg\" class=\"attachment-jannah-image-post size-jannah-image-post wp-post-image\" alt=\"\" srcset=\"https:\/\/ecomatin.net\/wp-content\/uploads\/2020\/05\/rep-unicef.jpg 300w, https:\/\/ecomatin.net\/wp-content\/uploads\/2020\/05\/rep-unicef-150x150.jpg 150w\" sizes=\"auto, (max-width: 300px) 100vw, 300px\" data-attachment-id=\"16094\" data-permalink=\"https:\/\/ecomatin.net\/covid-19-le-mincom-recoit-400-megaphones-pour-la-sensibilisation\/rep-unicef\/\" data-orig-file=\"https:\/\/ecomatin.net\/wp-content\/uploads\/2020\/05\/rep-unicef.jpg\" data-orig-size=\"300,300\" data-comments-opened=\"0\" data-image-meta=\"{&quot;aperture&quot;:&quot;0&quot;,&quot;credit&quot;:&quot;&quot;,&quot;camera&quot;:&quot;&quot;,&quot;caption&quot;:&quot;&quot;,&quot;created_timestamp&quot;:&quot;0&quot;,&quot;copyright&quot;:&quot;&quot;,&quot;focal_length&quot;:&quot;0&quot;,&quot;iso&quot;:&quot;0&quot;,&quot;shutter_speed&quot;:&quot;0&quot;,&quot;title&quot;:&quot;&quot;,&quot;orientation&quot;:&quot;0&quot;}\" data-image-title=\"rep-unicef\" data-image-description=\"\" data-medium-file=\"https:\/\/ecomatin.net\/wp-content\/uploads\/2020\/05\/rep-unicef-300x300.jpg\" data-large-file=\"https:\/\/ecomatin.net\/wp-content\/uploads\/2020\/05\/rep-unicef.jpg\"\/><\/div>\n<div class=\"entry-content entry clearfix\" readability=\"42.139366515837\">\n<p>Le repr\u00e9sentant du Fonds des Nations Unies pour l\u2019enfance (Unicef), <strong>Jacques Boyer<\/strong>, a remis ce 18 mai 2020, au <strong>Minist\u00e8re de la communication<\/strong>, un important don de 400 m\u00e9gaphones. La c\u00e9r\u00e9monie de r\u00e9trocession s\u2019est\u00a0\u00a0tenue au si\u00e8ge de l\u2019Unicef sis au quartier Bastos \u00e0 Yaound\u00e9. Ren\u00e9 Emmanuel Sadi \u00e9tait repr\u00e9sent\u00e9 par son secr\u00e9taire g\u00e9n\u00e9ral, <strong>F\u00e9lix Zogo<\/strong>. Ce mat\u00e9riel de communication servira \u00e0 amplifier le processus de sensibilisation entam\u00e9 par le Mincom \u00e0 travers des caravanes sonores motoris\u00e9s \u00e0 travers des rues, des villes et des campagnes du Pays. \u00ab\u00a0<em>Le ministre de la Communication dans sa volont\u00e9 de sensibilisation des communaut\u00e9s sur les gestes barri\u00e8res d\u00e9finies par le gouvernement et sur les mesures de pr\u00e9caution par rapport \u00e0 cette transmission de la Covid-19 a d\u00e9cid\u00e9 de pouvoir sensibiliser l\u2019ensemble des communaut\u00e9s au niveau de chacun des districts sanitaires du pays.<\/em>\u00bb a relev\u00e9 Jacques Boyer.<\/p>\n<p class=\"has-background has-very-light-gray-background-color c2\"><strong>Lire aussi-<\/strong> <strong><a href=\"https:\/\/ecomatin.net\/coronavirus-le-fmi-approuve-un-decaissement-de-132-milliards-de-f-cfa-au-cameroun\/\">Coronavirus : le FMI approuve un d\u00e9caissement de plus de 135 milliards de F CFA au Cameroun<\/a><\/strong><\/p>\n<p>La sensibilisation du Mincom devrait prendre en compte les quatre r\u00e9gions prioritaires du programme de l\u2019Unicef que sont le Nord, l\u2019Extr\u00eame Nord, l\u2019Adamaoua et l\u2019Est. \u00ab\u00a0<em>Nous n\u2019apportons qu\u2019une contribution \u00e0 cette sensibilisation qui va se faire aux travers des caravanes. Mais notre don va concerner plus particuli\u00e8rement les villes de Yaound\u00e9, Douala ainsi que les quatre r\u00e9gions prioritaires de notre programme de coop\u00e9ration \u00e0 savoir l\u2019Adamaoua, l\u2019Est, le Nord et l\u2019Extr\u00eame-Nord<\/em>\u00a0\u00bb a soulign\u00e9 le repr\u00e9sentant de l\u2019Unicef au Cameroun.<\/p>\n<p class=\"has-background has-very-light-gray-background-color c2\"><strong>Lire aussi-<\/strong> <a href=\"https:\/\/ecomatin.net\/coronavirus-sabc-sensibilise-dans-les-debits-de-boisson\/\"><strong>Coronavirus : Sabc sensibilise dans les d\u00e9bits de boisson<\/strong><\/a><\/p>\n<div class=\"awac-wrapper awac widget posts-list-widget-13\">\n<h4 class=\"widget-title\">Recent Posts<\/h4>\n<\/div>\n<\/div>\n<\/div>\n<div readability=\"31.5\">\n<div class=\"container-wrapper subscribe-widget widget-inner-wrap subscribe-widget-content\" id=\"post-newsletter\" readability=\"33\">\n<h4>With Product You Purchase<\/h4>\n<h3>Subscribe to our mailing list to get the new updates!<\/h3>\n<p>Lorem ipsum dolor sit amet, consectetur.<\/p>\n<\/div>\n<\/div>\n<p>Auteur: EcoMatin<br \/>\n<a href=\"https:\/\/ecomatin.net\/covid-19-le-mincom-recoit-400-megaphones-pour-la-sensibilisation\/\">Cliquez ici pour lire l&rsquo;article depuis sa source.<\/a><\/p>\n","protected":false},"excerpt":{"rendered":"<p>Le repr\u00e9sentant du Fonds des Nations Unies pour l\u2019enfance (Unicef), Jacques Boyer, a remis ce 18 mai 2020, au Minist\u00e8re de la communication, un important don de 400 m\u00e9gaphones. La c\u00e9r\u00e9monie de r\u00e9trocession s\u2019est\u00a0\u00a0tenue au si\u00e8ge de l\u2019Unicef sis au quartier Bastos \u00e0 Yaound\u00e9. Ren\u00e9 Emmanuel Sadi \u00e9tait repr\u00e9sent\u00e9 par son secr\u00e9taire g\u00e9n\u00e9ral, F\u00e9lix Zogo. [&hellip;]<\/p>\n","protected":false},"author":1969,"featured_media":86093,"comment_status":"closed","ping_status":"closed","sticky":false,"template":"","format":"standard","meta":{"fifu_image_url":"","fifu_image_alt":"","footnotes":""},"categories":[82,78],"tags":[],"class_list":["post-86092","post","type-post","status-publish","format-standard","has-post-thumbnail","hentry","category-cameroun","category-economie"],"_links":{"self":[{"href":"https:\/\/linitiative.ca\/International\/wp-json\/wp\/v2\/posts\/86092","targetHints":{"allow":["GET"]}}],"collection":[{"href":"https:\/\/linitiative.ca\/International\/wp-json\/wp\/v2\/posts"}],"about":[{"href":"https:\/\/linitiative.ca\/International\/wp-json\/wp\/v2\/types\/post"}],"author":[{"embeddable":true,"href":"https:\/\/linitiative.ca\/International\/wp-json\/wp\/v2\/users\/1969"}],"replies":[{"embeddable":true,"href":"https:\/\/linitiative.ca\/International\/wp-json\/wp\/v2\/comments?post=86092"}],"version-history":[{"count":0,"href":"https:\/\/linitiative.ca\/International\/wp-json\/wp\/v2\/posts\/86092\/revisions"}],"wp:featuredmedia":[{"embeddable":true,"href":"https:\/\/linitiative.ca\/International\/wp-json\/"}],"wp:attachment":[{"href":"https:\/\/linitiative.ca\/International\/wp-json\/wp\/v2\/media?parent=86092"}],"wp:term":[{"taxonomy":"category","embeddable":true,"href":"https:\/\/linitiative.ca\/International\/wp-json\/wp\/v2\/categories?post=86092"},{"taxonomy":"post_tag","embeddable":true,"href":"https:\/\/linitiative.ca\/International\/wp-json\/wp\/v2\/tags?post=86092"}],"curies":[{"name":"wp","href":"https:\/\/api.w.org\/{rel}","templated":true}]}}