{"id":86103,"date":"2020-05-20T10:37:20","date_gmt":"2020-05-20T14:37:20","guid":{"rendered":"https:\/\/linitiative.ca\/International\/prete-pour-le-redemarrage-kia-maroc-se-dote-dun-nouveau-flagship\/"},"modified":"2020-05-20T10:37:20","modified_gmt":"2020-05-20T14:37:20","slug":"prete-pour-le-redemarrage-kia-maroc-se-dote-dun-nouveau-flagship","status":"publish","type":"post","link":"https:\/\/linitiative.ca\/International\/prete-pour-le-redemarrage-kia-maroc-se-dote-dun-nouveau-flagship\/","title":{"rendered":"Pr\u00eate pour le red\u00e9marrage  : Kia Maroc se dote d\u2019un nouveau flagship"},"content":{"rendered":"<p><img decoding=\"async\" class=\"post_layout_5_img\" src=\"http:\/\/aujourdhui.ma\/wp-content\/uploads\/2020\/05\/Kia-Motor-Maroc.jpg\" alt=\"Pr&#xEA;te pour le red&#xE9;marrage : Kia Maroc se dote d&#x2019;un nouveau flagship\"\/><\/p>\n<p><span class=\"c8\"><span class=\"c7\"><strong>La marque Kia au Maroc se dote d\u2019une nouvelle succursale \u00e0 Rabat qui vient confirmer l\u2019\u00e9largissement de la gamme de produits et toutes les innovations et actions men\u00e9es au niveau de la qualit\u00e9 du service apr\u00e8s-vente.<\/strong><\/span> <span id=\"more-345471\"\/><\/span><\/p>\n<p>La nouvelle succursale situ\u00e9e \u00e0 l\u2019entr\u00e9e de la ville sur le boulevard Hassan II s\u2019\u00e9tend sur une surface de 2.000 m2 et propose tous les services de v\u00e9hicule neufs, d\u2019occasions, pi\u00e8ces de rechange et service apr\u00e8s-vente. Le b\u00e2timent qui devient le nouveau flagship de la marque au Maroc r\u00e9pond aux derniers standards et normes du constructeur avec un style tr\u00e8s \u00e9pur\u00e9 et tout en transparence.<\/p>\n<p><span class=\"c9\"><strong><a href=\"https:http:\/\/aujourdhui.ma\/wp-content\/uploads\/2020\/05\/Kia-Controle-technique.jpg\"><img loading=\"lazy\" decoding=\"async\" class=\"wp-image-345474 alignleft\" src=\"http:\/\/aujourdhui.ma\/wp-content\/uploads\/2020\/05\/Kia-Controle-technique.jpg\" alt=\"\" width=\"283\" height=\"592\" srcset=\"http:\/\/aujourdhui.ma\/wp-content\/uploads\/2020\/05\/Kia-Controle-technique.jpg 355w, \/\/aujourdhui.ma\/wp-content\/uploads\/2020\/05\/Kia-Controle-technique-143x300.jpg 143w\" sizes=\"auto, (max-width: 283px) 100vw, 283px\"\/><\/a>L\u2019accueil et le showroom<\/strong><\/span><\/p>\n<p>L\u2019entr\u00e9e, plac\u00e9e au centre de la fa\u00e7ade, d\u00e9bouche sur l\u2019accueil et un tr\u00e8s large espace d\u2019exposition de 400 m2 qui permet de pr\u00e9senter toute la gamme de v\u00e9hicules neufs dans des conditions tr\u00e8s confortables pour le visiteur. 25 nouveaux collaborateurs y accueilleront leurs nouveaux clients.<\/p>\n<p><span class=\"c9\"><strong>La r\u00e9ception personnalis\u00e9e des clients \u00e0 l\u2019apr\u00e8s-vente<\/strong><\/span><\/p>\n<p>La r\u00e9ception apr\u00e8s-vente est int\u00e9gr\u00e9e au showroom. Un \u00e9cran affiche le nom du client et l\u2019heure de son rendez- vous. Il est ensuite tenu inform\u00e9, en direct par SMS, de l\u2019avancement des travaux sur son v\u00e9hicule. S\u2019il souhaite profiter du confort du salon d\u2019attente, il peut suivre les travaux gr\u00e2ce \u00e0 la large baie vitr\u00e9e donnant sur l\u2019atelier.<\/p>\n<p><span class=\"c9\"><strong>Un atelier lumineux et int\u00e9gr\u00e9<\/strong><\/span><\/p>\n<p>L\u2019atelier a \u00e9t\u00e9 con\u00e7u dans un esprit de sobri\u00e9t\u00e9, de modernit\u00e9 et de fonctionnalit\u00e9 afin d\u2019offrir au regard des clients une image de professionnalisme.<\/p>\n<p><span class=\"c9\"><strong>Un espace de livraison moderne et chaleureux<\/strong><\/span><\/p>\n<p>Pour ceux qui le souhaitent, un salon d\u2019attente tr\u00e8s confortable et moderne est \u00e0 disposition avec des \u00e9crans qui permettent de se tenir inform\u00e9 et de passer un moment agr\u00e9able.<\/p>\n<p><span class=\"c9\"><strong>Kia M3ak<\/strong><\/span><\/p>\n<p>Depuis le d\u00e9but du confinement la marque s\u2019est fortement mobilis\u00e9e pour sa client\u00e8le et pour agir de mani\u00e8re solidaire en cr\u00e9ant son label Kia M3ak.<\/p>\n<p><span class=\"c9\"><strong>Extension de garantie<\/strong><\/span><\/p>\n<p>Sous cette appellation la marque a mis en \u0153uvre diverses actions \u00e0 commencer par l\u2019extension de sa garantie pour une dur\u00e9e \u00e9quivalente \u00e0 celle du confinement.<\/p>\n<p><span class=\"c9\"><strong>Service apr\u00e8s-vente \u00e0 domicile<\/strong><\/span><\/p>\n<p>Kia Maroc a ensuite lanc\u00e9 son service de check-up et d\u2019entretien \u00e0 domicile, afin de garantir la mobilit\u00e9 de ses clients. Ce service offert gratuitement pendant le confinement est assur\u00e9 prioritairement pour les personnels soignants.<br \/>Engagement solidaire<\/p>\n<p>L\u2019engagement solidaire de l\u2019entreprise s\u2019est aussi traduit par l\u2019accompagnement et le soutien \u00e0 l\u2019association Initiative Urbaine en leur facilitant, par le pr\u00eat de v\u00e9hicules, la distribution de paniers alimentaires aux familles les plus d\u00e9munies.<\/p>\n<p><a href=\"https:http:\/\/aujourdhui.ma\/wp-content\/uploads\/2020\/05\/Kia-ceed.jpg\"><img loading=\"lazy\" decoding=\"async\" class=\"size-full wp-image-345473 aligncenter\" src=\"http:\/\/aujourdhui.ma\/wp-content\/uploads\/2020\/05\/Kia-ceed.jpg\" alt=\"\" width=\"746\" height=\"380\" srcset=\"http:\/\/aujourdhui.ma\/wp-content\/uploads\/2020\/05\/Kia-ceed.jpg 746w, \/\/aujourdhui.ma\/wp-content\/uploads\/2020\/05\/Kia-ceed-300x153.jpg 300w, \/\/aujourdhui.ma\/wp-content\/uploads\/2020\/05\/Kia-ceed-274x140.jpg 274w, \/\/aujourdhui.ma\/wp-content\/uploads\/2020\/05\/Kia-ceed-165x84.jpg 165w, \/\/aujourdhui.ma\/wp-content\/uploads\/2020\/05\/Kia-ceed-702x358.jpg 702w\" sizes=\"auto, (max-width: 746px) 100vw, 746px\"\/><\/a><\/p>\n<div class=\"base-box mom_box_sc_custom mom_box_sc clear c11\" readability=\"28\">\n<p><span class=\"c10\"><strong>Pr\u00eat pour le red\u00e9marrage<\/strong><\/span><\/p>\n<p>L\u2019apr\u00e8s-confinement se pr\u00e9pare aussi chez Kia. Tout le personnel a \u00e9t\u00e9 form\u00e9, les stocks de masques et gels hydroalcooliques constitu\u00e9s, et les proc\u00e9dures mises en place pour pouvoir rouvrir en conformit\u00e9 avec les exigences des autorit\u00e9s sanitaires. La marque pr\u00e9pare aussi la r\u00e9ouverture avec le lancement prochain du label Kia Occasions et l\u2019ouverture d\u2019un site de vente d\u00e9di\u00e9 aux v\u00e9hicules d\u2019occasion \u00e0 Casablanca.<\/p>\n<p>La fin du d\u00e9confinement verra aussi l\u2019ouverture d\u2019une autre succursale attendue, celle de Tanger. D\u2019autres points de vente sont en pr\u00e9paration et devraient ouvrir prochainement \u00e0 Oujda, Sal\u00e9 et Kenitra.<\/p>\n<p>Enfin, Kia annonce le maintien de son plan produit avec les lancements programm\u00e9s des Niro, Seltos et K5 au cours du second semestre. Elle annonce aussi que d\u00e9sormais tous ses v\u00e9hicules seront assortis d\u2019une assistance d\u2019une dur\u00e9e \u00e9quivalente \u00e0 la garantie, c\u2019est-\u00e0-dire jusqu\u2019\u00e0 7 ans en fonction du mod\u00e8le.<\/p>\n<\/div>\n<p>Auteur: ALM<br \/>\n<a href=\"https:\/\/aujourdhui.ma\/automobile\/prete-pour-le-redemarrage-kia-maroc-se-dote-dun-nouveau-flagship\">Cliquez ici pour lire l&rsquo;article depuis sa source.<\/a><\/p>\n","protected":false},"excerpt":{"rendered":"<p>La marque Kia au Maroc se dote d\u2019une nouvelle succursale \u00e0 Rabat qui vient confirmer l\u2019\u00e9largissement de la gamme de produits et toutes les innovations et actions men\u00e9es au niveau de la qualit\u00e9 du service apr\u00e8s-vente. La nouvelle succursale situ\u00e9e \u00e0 l\u2019entr\u00e9e de la ville sur le boulevard Hassan II s\u2019\u00e9tend sur une surface de [&hellip;]<\/p>\n","protected":false},"author":1759,"featured_media":86104,"comment_status":"closed","ping_status":"closed","sticky":false,"template":"","format":"standard","meta":{"fifu_image_url":"","fifu_image_alt":"","footnotes":""},"categories":[73,54],"tags":[],"class_list":["post-86103","post","type-post","status-publish","format-standard","has-post-thumbnail","hentry","category-actualite","category-maroc"],"_links":{"self":[{"href":"https:\/\/linitiative.ca\/International\/wp-json\/wp\/v2\/posts\/86103","targetHints":{"allow":["GET"]}}],"collection":[{"href":"https:\/\/linitiative.ca\/International\/wp-json\/wp\/v2\/posts"}],"about":[{"href":"https:\/\/linitiative.ca\/International\/wp-json\/wp\/v2\/types\/post"}],"author":[{"embeddable":true,"href":"https:\/\/linitiative.ca\/International\/wp-json\/wp\/v2\/users\/1759"}],"replies":[{"embeddable":true,"href":"https:\/\/linitiative.ca\/International\/wp-json\/wp\/v2\/comments?post=86103"}],"version-history":[{"count":0,"href":"https:\/\/linitiative.ca\/International\/wp-json\/wp\/v2\/posts\/86103\/revisions"}],"wp:featuredmedia":[{"embeddable":true,"href":"https:\/\/linitiative.ca\/International\/wp-json\/"}],"wp:attachment":[{"href":"https:\/\/linitiative.ca\/International\/wp-json\/wp\/v2\/media?parent=86103"}],"wp:term":[{"taxonomy":"category","embeddable":true,"href":"https:\/\/linitiative.ca\/International\/wp-json\/wp\/v2\/categories?post=86103"},{"taxonomy":"post_tag","embeddable":true,"href":"https:\/\/linitiative.ca\/International\/wp-json\/wp\/v2\/tags?post=86103"}],"curies":[{"name":"wp","href":"https:\/\/api.w.org\/{rel}","templated":true}]}}