{"id":86114,"date":"2020-05-20T08:48:05","date_gmt":"2020-05-20T12:48:05","guid":{"rendered":"https:\/\/linitiative.ca\/International\/face-aux-discours-de-haine-la-haica-appelle-les-medias-a-la-vigilance\/"},"modified":"2020-05-20T08:48:05","modified_gmt":"2020-05-20T12:48:05","slug":"face-aux-discours-de-haine-la-haica-appelle-les-medias-a-la-vigilance","status":"publish","type":"post","link":"https:\/\/linitiative.ca\/International\/face-aux-discours-de-haine-la-haica-appelle-les-medias-a-la-vigilance\/","title":{"rendered":"Face aux discours de haine : La HAICA appelle les m\u00e9dias \u00e0 la vigilance"},"content":{"rendered":"<p>La Haute autorit\u00e9 ind\u00e9pendante de la communication audiovisuelle (HAICA) a pr\u00e9conis\u00e9 aux m\u00e9dias, mardi, dans une d\u00e9claration, de rester prudents dans le traitement des informations concernant les personnes connues pour leur discours de haine et d\u2019incitation \u00e0 la violence.<\/p>\n<p>\u00ab Il ne faut pas que les m\u00e9dias se transforment en une plateforme pour diffuser de tels discours \u00bb, a-t-elle expliqu\u00e9.<\/p>\n<p>L\u2019instance a, dans ce sens, appel\u00e9 les journalistes \u00e0 faire face \u00e0 ces discours violents sous toutes leurs formes sans porter atteinte au principe de la libert\u00e9, du pluralisme politique et du droit d\u2019acc\u00e8s aux m\u00e9dias.<\/p>\n<p>La HAICA invite les journalistes \u00e0 pr\u00e9server leur ind\u00e9pendance et leur libert\u00e9 dans l\u2019accomplissement de leur mission, tout en se conformant aux r\u00e8gles professionnelles et \u00e9thiques.<\/p>\n<p>\u00ab Il faut rester solidaire pour lutter contre les stratag\u00e8mes suspects qui ciblent le r\u00f4le central des journalistes dirigeant les d\u00e9bats \u00bb, insiste l\u2019instance.<\/p>\n<p>La HAICA a, par ailleurs, soulign\u00e9 la n\u00e9cessit\u00e9 de fournir la s\u00e9curit\u00e9 aux journalistes qui sont pris pour cible dans les discours de haine et d\u2019incitation \u00e0 la violence.<\/p>\n<p>Elle a r\u00e9clam\u00e9 l\u2019ouverture d\u2019urgence d\u2019une enqu\u00eate au sein du parlement pour d\u00e9terminer les circonstances juridiques et proc\u00e9durales entourant le retrait de l\u2019initiative pr\u00e9sent\u00e9e, le 3 janvier 2018, par un groupe de d\u00e9put\u00e9s. Celle-ci concerne un projet de loi organique relatif \u00e0 la libert\u00e9 de la communication audiovisuelle.<\/p>\n<p>La HAICA a, aussi, appel\u00e9 le pr\u00e9sident de la R\u00e9publique ainsi que le chef du gouvernement \u00e0 d\u00e9terminer leur position concernant les tentatives de renverser le choix des instances constitutionnelles ind\u00e9pendantes par des initiatives l\u00e9gislatives inconstitutionnelles en allusion \u00e0 l\u2019initiative l\u00e9gislative propos\u00e9e par la Coalition al-Karama et relative \u00e0 l\u2019amendement du d\u00e9cret-loi n\u00b02011-116.<\/p>\n<p>Et d\u2019\u00e9voquer l\u2019imp\u00e9ratif d\u2019acc\u00e9l\u00e9rer la mise en place de la Cour constitutionnelle \u00ab dont l\u2019absence profite \u00e0 certains pour violer les dispositions de la Constitution \u00bb.<\/p>\n<p>L\u2019instance pr\u00e9cise que cette d\u00e9claration intervient suite \u00e0 l\u2019escalade de la violence verbale et du discours de haine adopt\u00e9s par des partis politiques, soulignant sa solidarit\u00e9 avec les m\u00e9dias, les journalistes et tous les professionnels des m\u00e9dias face aux tentatives de violence et d\u2019intimidation.<\/p>\n<div class=\"wp-post-author-wrap wp-post-author-shortcode left\">\n<h3 class=\"awpa-title\"\/>\n<div class=\"wp-post-author\">\n<div class=\"awpa-img awpa-author-block square\"><a href=\"http:\/\/lexpertjournal.net\/fr\/?author=5\"><img loading=\"lazy\" decoding=\"async\" alt=\"\" src=\"http:\/\/0.gravatar.com\/avatar\/97f8e10a1c1125ba104a76514ee07b16?s=150&amp;d=mm&amp;r=g\" srcset=\"http:\/\/0.gravatar.com\/avatar\/97f8e10a1c1125ba104a76514ee07b16?s=300&amp;d=mm&amp;r=g 2x\" class=\"avatar avatar-150 photo\" height=\"150\" width=\"150\"\/><\/a><\/div>\n<\/div>\n<\/div>\n<aside class=\"mashsb-container mashsb-main mashsb-stretched\">\n<\/aside>\n<p>Auteur: L&rsquo;expert<br \/>\n<a href=\"http:\/\/lexpertjournal.net\/fr\/?p=14817\">Cliquez ici pour lire l&rsquo;article depuis sa source.<\/a><\/p>\n","protected":false},"excerpt":{"rendered":"<p>La Haute autorit\u00e9 ind\u00e9pendante de la communication audiovisuelle (HAICA) a pr\u00e9conis\u00e9 aux m\u00e9dias, mardi, dans une d\u00e9claration, de rester prudents dans le traitement des informations concernant les personnes connues pour leur discours de haine et d\u2019incitation \u00e0 la violence. \u00ab Il ne faut pas que les m\u00e9dias se transforment en une plateforme pour diffuser de [&hellip;]<\/p>\n","protected":false},"author":1775,"featured_media":0,"comment_status":"closed","ping_status":"closed","sticky":false,"template":"","format":"standard","meta":{"fifu_image_url":"","fifu_image_alt":"","footnotes":""},"categories":[78,55],"tags":[],"class_list":["post-86114","post","type-post","status-publish","format-standard","hentry","category-economie","category-tunisie"],"_links":{"self":[{"href":"https:\/\/linitiative.ca\/International\/wp-json\/wp\/v2\/posts\/86114","targetHints":{"allow":["GET"]}}],"collection":[{"href":"https:\/\/linitiative.ca\/International\/wp-json\/wp\/v2\/posts"}],"about":[{"href":"https:\/\/linitiative.ca\/International\/wp-json\/wp\/v2\/types\/post"}],"author":[{"embeddable":true,"href":"https:\/\/linitiative.ca\/International\/wp-json\/wp\/v2\/users\/1775"}],"replies":[{"embeddable":true,"href":"https:\/\/linitiative.ca\/International\/wp-json\/wp\/v2\/comments?post=86114"}],"version-history":[{"count":0,"href":"https:\/\/linitiative.ca\/International\/wp-json\/wp\/v2\/posts\/86114\/revisions"}],"wp:attachment":[{"href":"https:\/\/linitiative.ca\/International\/wp-json\/wp\/v2\/media?parent=86114"}],"wp:term":[{"taxonomy":"category","embeddable":true,"href":"https:\/\/linitiative.ca\/International\/wp-json\/wp\/v2\/categories?post=86114"},{"taxonomy":"post_tag","embeddable":true,"href":"https:\/\/linitiative.ca\/International\/wp-json\/wp\/v2\/tags?post=86114"}],"curies":[{"name":"wp","href":"https:\/\/api.w.org\/{rel}","templated":true}]}}