{"id":86115,"date":"2020-05-20T08:50:17","date_gmt":"2020-05-20T12:50:17","guid":{"rendered":"https:\/\/linitiative.ca\/International\/premiere-tres-grave-dans-lhistoire-du-pays-le-fonds-de-la-polemique-et-de-la-discorde\/"},"modified":"2020-05-20T08:50:17","modified_gmt":"2020-05-20T12:50:17","slug":"premiere-tres-grave-dans-lhistoire-du-pays-le-fonds-de-la-polemique-et-de-la-discorde","status":"publish","type":"post","link":"https:\/\/linitiative.ca\/International\/premiere-tres-grave-dans-lhistoire-du-pays-le-fonds-de-la-polemique-et-de-la-discorde\/","title":{"rendered":"Premi\u00e8re tr\u00e8s grave dans l\u2019histoire du pays : Le Fonds de la pol\u00e9mique et de la discorde"},"content":{"rendered":"<p>Le fonds de la Zakat a \u00e9t\u00e9 inaugur\u00e9 mardi sur fond de vives pol\u00e9miques \u00e0 la municipalit\u00e9 du Kram. Des partis politiques ainsi que plusieurs composantes de la soci\u00e9t\u00e9 civile se sont fermement oppos\u00e9s \u00e0 ce projet.<\/p>\n<p>Le but derri\u00e8re la cr\u00e9ation de ce fonds consiste \u00e0 aider l\u2019agent municipal et r\u00e9tablir la confiance aux Tunisiens par la r\u00e9alisation des r\u00e9formes possibles, a expliqu\u00e9 le pr\u00e9sident de la municipalit\u00e9 du Kram Fathi Layouni.<\/p>\n<p>A partir d\u2019aujourd\u2019hui, chaque personne peut contribuer au renflouement de ce fonds, en s\u2019adressant aux services municipaux du Kram, a-t-il soulign\u00e9.<\/p>\n<p>Ce fonds a \u00e9t\u00e9 cr\u00e9\u00e9 en vertu de la d\u00e9cision municipale \u00e9mise le 21 novembre 2019 \u00e0 l\u2019unanimit\u00e9 de tous les membres du conseil municipal, a-t-il affirm\u00e9. Et de Maire du Kram d\u2019ajouter \u00ab le ministre des Affaires locales Lotfi Zitoun avait publi\u00e9 lundi une circulaire dans ce sens semblable aux d\u00e9cisions du conseil municipal du Kram.<\/p>\n<p>Lotfi Zitoun, ministre des Affaires locales, a d\u00e9clar\u00e9, lundi, que son d\u00e9partement n\u2019intervient pas dans le fonctionnement des conseils municipaux. Son r\u00f4le \u00e9tant d\u2019expliquer la loi aux autorit\u00e9s locales.<\/p>\n<p>Il a ajout\u00e9 que le minist\u00e8re a publi\u00e9 une circulaire (n\u00b012 en date du lundi 18 mai 2020) qui a \u00e9t\u00e9 adress\u00e9e aux gouverneurs et aux maires. Elle porte sur l\u2019ouverture de comptes sp\u00e9cifiques aux budgets communaux, et ce en activation des dispositions de l\u2019article 138 du Code des collectivit\u00e9s locales.<\/p>\n<p>Le ministre a toutefois pr\u00e9cis\u00e9 que le gouverneur peut saisir le Tribunal administratif en cas de violation observ\u00e9e dans les d\u00e9cisions et activit\u00e9s des conseils municipaux.<\/p>\n<p>La cr\u00e9ation d\u2019un fonds de la Zakat a suscit\u00e9 une vague d\u2019indignation de la sc\u00e8ne politique et du milieu associatif.<\/p>\n<p>La Ligue tunisienne de d\u00e9fense des droits de l\u2019Homme a qualifi\u00e9 cette initiative d\u2019ill\u00e9gale, d\u00e9non\u00e7ant un l\u2019irrespect des institutions de l\u2019Etat et de la Constitution qui souligne le caract\u00e8re civil de l\u2019Etat. L\u2019organisation a d\u00e9nonc\u00e9 une tentative de jeter les premi\u00e8res bases d\u2019un Etat th\u00e9ocratique<\/p>\n<p>Pour rappel, la constitution a rejet\u00e9 un article dans le budget de l\u2019Etat 2020 relatif \u00e0 la cr\u00e9ation d\u2019un fonds de la Zakat, en raison de ses dimensions politiques floues et incertaines et son opposition au principe de l\u2019Etat civil. La proposition du fonds est une initiative du mouvement Ennahdha.<\/p>\n<div class=\"wp-post-author-wrap wp-post-author-shortcode left\">\n<h3 class=\"awpa-title\"\/>\n<div class=\"wp-post-author\">\n<div class=\"awpa-img awpa-author-block square\"><a href=\"http:\/\/lexpertjournal.net\/fr\/?author=5\"><img loading=\"lazy\" decoding=\"async\" alt=\"\" src=\"http:\/\/0.gravatar.com\/avatar\/97f8e10a1c1125ba104a76514ee07b16?s=150&amp;d=mm&amp;r=g\" srcset=\"http:\/\/0.gravatar.com\/avatar\/97f8e10a1c1125ba104a76514ee07b16?s=300&amp;d=mm&amp;r=g 2x\" class=\"avatar avatar-150 photo\" height=\"150\" width=\"150\"\/><\/a><\/div>\n<\/div>\n<\/div>\n<aside class=\"mashsb-container mashsb-main mashsb-stretched\">\n<\/aside>\n<p>Auteur: L&rsquo;expert<br \/>\n<a href=\"http:\/\/lexpertjournal.net\/fr\/?p=14820\">Cliquez ici pour lire l&rsquo;article depuis sa source.<\/a><\/p>\n","protected":false},"excerpt":{"rendered":"<p>Le fonds de la Zakat a \u00e9t\u00e9 inaugur\u00e9 mardi sur fond de vives pol\u00e9miques \u00e0 la municipalit\u00e9 du Kram. Des partis politiques ainsi que plusieurs composantes de la soci\u00e9t\u00e9 civile se sont fermement oppos\u00e9s \u00e0 ce projet. Le but derri\u00e8re la cr\u00e9ation de ce fonds consiste \u00e0 aider l\u2019agent municipal et r\u00e9tablir la confiance aux [&hellip;]<\/p>\n","protected":false},"author":1775,"featured_media":0,"comment_status":"closed","ping_status":"closed","sticky":false,"template":"","format":"standard","meta":{"fifu_image_url":"","fifu_image_alt":"","footnotes":""},"categories":[78,55],"tags":[],"class_list":["post-86115","post","type-post","status-publish","format-standard","hentry","category-economie","category-tunisie"],"_links":{"self":[{"href":"https:\/\/linitiative.ca\/International\/wp-json\/wp\/v2\/posts\/86115","targetHints":{"allow":["GET"]}}],"collection":[{"href":"https:\/\/linitiative.ca\/International\/wp-json\/wp\/v2\/posts"}],"about":[{"href":"https:\/\/linitiative.ca\/International\/wp-json\/wp\/v2\/types\/post"}],"author":[{"embeddable":true,"href":"https:\/\/linitiative.ca\/International\/wp-json\/wp\/v2\/users\/1775"}],"replies":[{"embeddable":true,"href":"https:\/\/linitiative.ca\/International\/wp-json\/wp\/v2\/comments?post=86115"}],"version-history":[{"count":0,"href":"https:\/\/linitiative.ca\/International\/wp-json\/wp\/v2\/posts\/86115\/revisions"}],"wp:attachment":[{"href":"https:\/\/linitiative.ca\/International\/wp-json\/wp\/v2\/media?parent=86115"}],"wp:term":[{"taxonomy":"category","embeddable":true,"href":"https:\/\/linitiative.ca\/International\/wp-json\/wp\/v2\/categories?post=86115"},{"taxonomy":"post_tag","embeddable":true,"href":"https:\/\/linitiative.ca\/International\/wp-json\/wp\/v2\/tags?post=86115"}],"curies":[{"name":"wp","href":"https:\/\/api.w.org\/{rel}","templated":true}]}}