{"id":86116,"date":"2020-05-20T08:51:30","date_gmt":"2020-05-20T12:51:30","guid":{"rendered":"https:\/\/linitiative.ca\/International\/selon-le-ministre-de-lenseignement-superieur-la-rentree-universitaire-retardee-au-mois-doctobre\/"},"modified":"2020-05-20T08:51:30","modified_gmt":"2020-05-20T12:51:30","slug":"selon-le-ministre-de-lenseignement-superieur-la-rentree-universitaire-retardee-au-mois-doctobre","status":"publish","type":"post","link":"https:\/\/linitiative.ca\/International\/selon-le-ministre-de-lenseignement-superieur-la-rentree-universitaire-retardee-au-mois-doctobre\/","title":{"rendered":"Selon le ministre de l\u2019Enseignement sup\u00e9rieur : La rentr\u00e9e universitaire retard\u00e9e au mois d\u2019octobre ?"},"content":{"rendered":"<p>Le ministre de l\u2019Enseignement sup\u00e9rieur et de la Recherche scientifique, Slim Choura, a d\u00e9clar\u00e9 que la rentr\u00e9e universitaire 2020-2021 peut \u00eatre retard\u00e9e au mois d\u2019octobre 2020, puisque l\u2019orientation universitaire d\u00e9pend des r\u00e9sultats des \u00e9preuves du baccalaur\u00e9at qui se d\u00e9rouleront en juillet 2020 et que par cons\u00e9quent le processus d\u2019orientation se poursuivra jusqu\u2019\u00e0 septembre 2020.<\/p>\n<p>Dans une d\u00e9claration, lors d\u2019une visite \u00e0 l\u2019Universit\u00e9 de Kairouan, dans le cadre des pr\u00e9paratifs en pr\u00e9vision de la reprise des cours universitaires, le ministre a qualifi\u00e9 la situation sanitaire en Tunisie de \u00ab stable \u00bb par rapport \u00e0 d\u2019autres pays, ce qui permettra aux \u00e9tudiants de reprendre les \u00e9tudes, \u00e0 partir du d\u00e9but du mois de juin jusqu\u2019au fin juillet 2020, a-t-il dit..<\/p>\n<p>Il a expliqu\u00e9 que les examens seront pr\u00e9sentiels, ajoutant que si la situation ne le permet pas, les \u00e9preuves de la session de contr\u00f4le seront report\u00e9es au mois de septembre, ajoutant qu\u2019une plateforme sp\u00e9cifique destin\u00e9e au logement universitaire vient d\u2019\u00eatre cr\u00e9\u00e9e.<\/p>\n<p>Il a soulign\u00e9 que les efforts du Minist\u00e8re se focalisent actuellement sur les mesures \u00e0 adopter pour assurer la fin de l\u2019ann\u00e9e universitaire, soulignant que le retour sera progressif et par groupes pour les \u00e9tablissements universitaires ayant un grand nombre d\u2019\u00e9tudiants.<\/p>\n<p>Il a soulign\u00e9 que les pr\u00e9paratifs pour le retour \u00e0 l\u2019universit\u00e9 sont actuellement \u00e0 un stade avanc\u00e9, en particulier en ce qui concerne la st\u00e9rilisation, et la fourniture du mat\u00e9riel de protection (masques, gel st\u00e9rilisant) afin de garantir les conditions de s\u00e9curit\u00e9 aux \u00e9tudiants, enseignants, employ\u00e9s et agents.<\/p>\n<p>A noter que le ministre de l\u2019Enseignement sup\u00e9rieur et de la Recherche scientifique s\u2019est r\u00e9uni, en marge de cette visite, avec le pr\u00e9sident de l\u2019Universit\u00e9 de Kairouan et les cadres universitaires de la r\u00e9gion afin de prendre connaissance des pr\u00e9paratifs de la rentr\u00e9e universitaire. Il s\u2019est \u00e9galement rendu au restaurant universitaire et \u00e0 un certain nombre des foyers universitaires.<\/p>\n<div class=\"wp-post-author-wrap wp-post-author-shortcode left\">\n<h3 class=\"awpa-title\"\/>\n<div class=\"wp-post-author\">\n<div class=\"awpa-img awpa-author-block square\"><a href=\"http:\/\/lexpertjournal.net\/fr\/?author=5\"><img loading=\"lazy\" decoding=\"async\" alt=\"\" src=\"http:\/\/0.gravatar.com\/avatar\/97f8e10a1c1125ba104a76514ee07b16?s=150&amp;d=mm&amp;r=g\" srcset=\"http:\/\/0.gravatar.com\/avatar\/97f8e10a1c1125ba104a76514ee07b16?s=300&amp;d=mm&amp;r=g 2x\" class=\"avatar avatar-150 photo\" height=\"150\" width=\"150\"\/><\/a><\/div>\n<\/div>\n<\/div>\n<aside class=\"mashsb-container mashsb-main mashsb-stretched\">\n<\/aside>\n<p>Auteur: L&rsquo;expert<br \/>\n<a href=\"http:\/\/lexpertjournal.net\/fr\/?p=14823\">Cliquez ici pour lire l&rsquo;article depuis sa source.<\/a><\/p>\n","protected":false},"excerpt":{"rendered":"<p>Le ministre de l\u2019Enseignement sup\u00e9rieur et de la Recherche scientifique, Slim Choura, a d\u00e9clar\u00e9 que la rentr\u00e9e universitaire 2020-2021 peut \u00eatre retard\u00e9e au mois d\u2019octobre 2020, puisque l\u2019orientation universitaire d\u00e9pend des r\u00e9sultats des \u00e9preuves du baccalaur\u00e9at qui se d\u00e9rouleront en juillet 2020 et que par cons\u00e9quent le processus d\u2019orientation se poursuivra jusqu\u2019\u00e0 septembre 2020. Dans [&hellip;]<\/p>\n","protected":false},"author":1775,"featured_media":0,"comment_status":"closed","ping_status":"closed","sticky":false,"template":"","format":"standard","meta":{"fifu_image_url":"","fifu_image_alt":"","footnotes":""},"categories":[78,55],"tags":[],"class_list":["post-86116","post","type-post","status-publish","format-standard","hentry","category-economie","category-tunisie"],"_links":{"self":[{"href":"https:\/\/linitiative.ca\/International\/wp-json\/wp\/v2\/posts\/86116","targetHints":{"allow":["GET"]}}],"collection":[{"href":"https:\/\/linitiative.ca\/International\/wp-json\/wp\/v2\/posts"}],"about":[{"href":"https:\/\/linitiative.ca\/International\/wp-json\/wp\/v2\/types\/post"}],"author":[{"embeddable":true,"href":"https:\/\/linitiative.ca\/International\/wp-json\/wp\/v2\/users\/1775"}],"replies":[{"embeddable":true,"href":"https:\/\/linitiative.ca\/International\/wp-json\/wp\/v2\/comments?post=86116"}],"version-history":[{"count":0,"href":"https:\/\/linitiative.ca\/International\/wp-json\/wp\/v2\/posts\/86116\/revisions"}],"wp:attachment":[{"href":"https:\/\/linitiative.ca\/International\/wp-json\/wp\/v2\/media?parent=86116"}],"wp:term":[{"taxonomy":"category","embeddable":true,"href":"https:\/\/linitiative.ca\/International\/wp-json\/wp\/v2\/categories?post=86116"},{"taxonomy":"post_tag","embeddable":true,"href":"https:\/\/linitiative.ca\/International\/wp-json\/wp\/v2\/tags?post=86116"}],"curies":[{"name":"wp","href":"https:\/\/api.w.org\/{rel}","templated":true}]}}