{"id":86122,"date":"2020-05-20T10:23:00","date_gmt":"2020-05-20T14:23:00","guid":{"rendered":"https:\/\/linitiative.ca\/International\/zeroual-appelle-tebboune\/"},"modified":"2020-05-20T10:23:00","modified_gmt":"2020-05-20T14:23:00","slug":"zeroual-appelle-tebboune","status":"publish","type":"post","link":"https:\/\/linitiative.ca\/International\/zeroual-appelle-tebboune\/","title":{"rendered":"Zeroual appelle Tebboune"},"content":{"rendered":"<div id=\"originalText\" readability=\"43\">\n<p>La Pr\u00e9sidence de la r\u00e9publique a fait savoir, ce mercredi, qu&rsquo;Abdelmadjid Tebboune a re\u00e7u un appel de la part de l&rsquo;ancien pr\u00e9sident Liamine Zeroual, qui \u00ab\u00a0lui a pr\u00e9sent\u00e9 ses voeux pour la f\u00eate de l&rsquo;A\u00efd\u00a0\u00bb, et qui \u00ab\u00a0lui a exprim\u00e9 sa reconnaissance des efforts consentis par l&rsquo;Etat dans la lutte contre la pand\u00e9mie du coronavirus et des aides octroy\u00e9es aux cat\u00e9gories vuln\u00e9rables\u00a0\u00bb.\u00a0<\/p>\n<p>Liamine Zeraoul a \u00e9galement promis de rendre visite \u00e0 l&rsquo;actuel Chef de l&rsquo;Etat aussit\u00f4t qu&rsquo;il sera de passage \u00e0 Alger, ajoute le communiqu\u00e9.\u00a0<\/p>\n<p class=\"c6\"><strong>R\u00e9daction Web\u00a0<\/strong><\/p>\n<\/div>\n<div id=\"text_core\" readability=\"43\">\n<p>La Pr\u00e9sidence de la r\u00e9publique a fait savoir, ce mercredi, qu&rsquo;Abdelmadjid Tebboune a re\u00e7u un appel de la part de l&rsquo;ancien pr\u00e9sident Liamine Zeroual, qui \u00ab\u00a0lui a pr\u00e9sent\u00e9 ses voeux pour la f\u00eate de l&rsquo;A\u00efd\u00a0\u00bb, et qui \u00ab\u00a0lui a exprim\u00e9 sa reconnaissance des efforts consentis par l&rsquo;Etat dans la lutte contre la pand\u00e9mie du coronavirus et des aides octroy\u00e9es aux cat\u00e9gories vuln\u00e9rables\u00a0\u00bb.\u00a0<\/p>\n<p>Liamine Zeraoul a \u00e9galement promis de rendre visite \u00e0 l&rsquo;actuel Chef de l&rsquo;Etat aussit\u00f4t qu&rsquo;il sera de passage \u00e0 Alger, ajoute le communiqu\u00e9.\u00a0<\/p>\n<p class=\"c6\"><strong>R\u00e9daction Web\u00a0<\/strong><\/p>\n<\/div>\n<p>Auteur:<br \/>\n<a href=\"https:\/\/www.liberte-algerie.com\/a-la-une\/zeroual-appelle-tebboune-338960\">Cliquez ici pour lire l&rsquo;article depuis sa source.<\/a><\/p>\n","protected":false},"excerpt":{"rendered":"<p>La Pr\u00e9sidence de la r\u00e9publique a fait savoir, ce mercredi, qu&rsquo;Abdelmadjid Tebboune a re\u00e7u un appel de la part de l&rsquo;ancien pr\u00e9sident Liamine Zeroual, qui \u00ab\u00a0lui a pr\u00e9sent\u00e9 ses voeux pour la f\u00eate de l&rsquo;A\u00efd\u00a0\u00bb, et qui \u00ab\u00a0lui a exprim\u00e9 sa reconnaissance des efforts consentis par l&rsquo;Etat dans la lutte contre la pand\u00e9mie du coronavirus [&hellip;]<\/p>\n","protected":false},"author":1742,"featured_media":0,"comment_status":"closed","ping_status":"closed","sticky":false,"template":"","format":"standard","meta":{"fifu_image_url":"","fifu_image_alt":"","footnotes":""},"categories":[73,53],"tags":[],"class_list":["post-86122","post","type-post","status-publish","format-standard","hentry","category-actualite","category-algerie"],"_links":{"self":[{"href":"https:\/\/linitiative.ca\/International\/wp-json\/wp\/v2\/posts\/86122","targetHints":{"allow":["GET"]}}],"collection":[{"href":"https:\/\/linitiative.ca\/International\/wp-json\/wp\/v2\/posts"}],"about":[{"href":"https:\/\/linitiative.ca\/International\/wp-json\/wp\/v2\/types\/post"}],"author":[{"embeddable":true,"href":"https:\/\/linitiative.ca\/International\/wp-json\/wp\/v2\/users\/1742"}],"replies":[{"embeddable":true,"href":"https:\/\/linitiative.ca\/International\/wp-json\/wp\/v2\/comments?post=86122"}],"version-history":[{"count":0,"href":"https:\/\/linitiative.ca\/International\/wp-json\/wp\/v2\/posts\/86122\/revisions"}],"wp:attachment":[{"href":"https:\/\/linitiative.ca\/International\/wp-json\/wp\/v2\/media?parent=86122"}],"wp:term":[{"taxonomy":"category","embeddable":true,"href":"https:\/\/linitiative.ca\/International\/wp-json\/wp\/v2\/categories?post=86122"},{"taxonomy":"post_tag","embeddable":true,"href":"https:\/\/linitiative.ca\/International\/wp-json\/wp\/v2\/tags?post=86122"}],"curies":[{"name":"wp","href":"https:\/\/api.w.org\/{rel}","templated":true}]}}