{"id":86126,"date":"2020-05-20T10:27:14","date_gmt":"2020-05-20T14:27:14","guid":{"rendered":"https:\/\/linitiative.ca\/International\/marrakech-safi-35-nouvelles-remissions-du-covid-19-drs\/"},"modified":"2020-05-20T10:27:14","modified_gmt":"2020-05-20T14:27:14","slug":"marrakech-safi-35-nouvelles-remissions-du-covid-19-drs","status":"publish","type":"post","link":"https:\/\/linitiative.ca\/International\/marrakech-safi-35-nouvelles-remissions-du-covid-19-drs\/","title":{"rendered":"Marrakech-Safi: 35 nouvelles r\u00e9missions du Covid-19 (DRS)"},"content":{"rendered":"<div readability=\"35\">\n<p>Marrakech \u2013 Trente-cinq (35) nouvelles r\u00e9missions ont \u00e9t\u00e9 signal\u00e9es au niveau de la r\u00e9gion Marrakech-Safi, portant \u00e0 1.016 le nombre total des personnes d\u00e9clar\u00e9es d\u00e9finitivement gu\u00e9ries dans la r\u00e9gion jusqu\u2019\u00e0 mercredi \u00e0 10H00.<\/p>\n<\/div>\n<div readability=\"82\">\n<p>Ces nouveaux cas de gu\u00e9rison sont ventil\u00e9s en 31 dans la pr\u00e9fecture de Marrakech et deux dans la province d\u2019Essaouira, alors que celles de Rehamna et de Safi ont enregistr\u00e9 une nouvelle r\u00e9mission chacune, rel\u00e8ve un nouveau bilan de la Direction r\u00e9gionale de la Sant\u00e9 (DRS).<\/p>\n<p>Ainsi, les provinces d\u2019Essaouira, de Rehamna et de Safi sont devenues indemnes de tout cas confirm\u00e9, selon la m\u00eame source.<\/p>\n<p>Quant au total des cas gu\u00e9ris, ils sont r\u00e9partis entre la pr\u00e9fecture de Marrakech (710) et les provinces de Rehamna (231), d\u2019Al-Haouz (42), de Chichaoua (23), d\u2019El Kel\u00e2a des Sraghna (04), d\u2019Essaouira (04) et de Safi (02), pr\u00e9cise la m\u00eame source, notant que le taux de gu\u00e9rison s\u2019\u00e9l\u00e8ve \u00e0 78%.<\/p>\n<p>Par ailleurs, la DRS fait \u00e9tat de 2 nouveaux cas d\u2019infection au Covid-19 confirm\u00e9s, portant \u00e0 1.296 le nombre total des contaminations dans la r\u00e9gion jusqu\u2019\u00e0 mercredi \u00e0 10H00.<\/p>\n<p>Et la m\u00eame source de pr\u00e9ciser que 230 cas sont sous traitement dans les h\u00f4pitaux de la r\u00e9gion, r\u00e9partis entre la pr\u00e9fecture de Marrakech (221) et les provinces d\u2019Al Haouz (8) et de Chichaoua (1).<\/p>\n<p>Le nombre des cas exclus apr\u00e8s des r\u00e9sultats n\u00e9gatifs d\u2019analyses effectu\u00e9es au laboratoire a atteint 10.186, tandis que celui des d\u00e9c\u00e8s s\u2019est stabilis\u00e9 \u00e0 50, fait savoir la Direction r\u00e9gionale de la sant\u00e9.<\/p>\n<p>Au niveau national, 25 nouveaux cas d\u2019infection ont \u00e9t\u00e9 confirm\u00e9s, portant \u00e0 7.048 le nombre total des cas de contamination jusqu\u2019\u00e0 mercredi \u00e0 10H00.<\/p>\n<p>Le nombre de cas gu\u00e9ris s\u2019\u00e9l\u00e8ve, lui, \u00e0 4.037 avec 136 nouvelles r\u00e9missions, alors que le nombre de d\u00e9c\u00e8s s\u2019\u00e9tablit \u00e0 194 cas, selon les chiffres du minist\u00e8re de la Sant\u00e9.<\/p>\n<\/div>\n<p>Auteur: Meriem IGASS<br \/>\n<a href=\"http:\/\/www.mapmarrakech.ma\/fr\/marrakech-safi-35-nouvelles-remissions-du-covid-19-drs\/\">Cliquez ici pour lire l&rsquo;article depuis sa source.<\/a><\/p>\n","protected":false},"excerpt":{"rendered":"<p>Marrakech \u2013 Trente-cinq (35) nouvelles r\u00e9missions ont \u00e9t\u00e9 signal\u00e9es au niveau de la r\u00e9gion Marrakech-Safi, portant \u00e0 1.016 le nombre total des personnes d\u00e9clar\u00e9es d\u00e9finitivement gu\u00e9ries dans la r\u00e9gion jusqu\u2019\u00e0 mercredi \u00e0 10H00. Ces nouveaux cas de gu\u00e9rison sont ventil\u00e9s en 31 dans la pr\u00e9fecture de Marrakech et deux dans la province d\u2019Essaouira, alors que [&hellip;]<\/p>\n","protected":false},"author":1788,"featured_media":0,"comment_status":"closed","ping_status":"closed","sticky":false,"template":"","format":"standard","meta":{"fifu_image_url":"","fifu_image_alt":"","footnotes":""},"categories":[54,76],"tags":[],"class_list":["post-86126","post","type-post","status-publish","format-standard","hentry","category-maroc","category-regions"],"_links":{"self":[{"href":"https:\/\/linitiative.ca\/International\/wp-json\/wp\/v2\/posts\/86126","targetHints":{"allow":["GET"]}}],"collection":[{"href":"https:\/\/linitiative.ca\/International\/wp-json\/wp\/v2\/posts"}],"about":[{"href":"https:\/\/linitiative.ca\/International\/wp-json\/wp\/v2\/types\/post"}],"author":[{"embeddable":true,"href":"https:\/\/linitiative.ca\/International\/wp-json\/wp\/v2\/users\/1788"}],"replies":[{"embeddable":true,"href":"https:\/\/linitiative.ca\/International\/wp-json\/wp\/v2\/comments?post=86126"}],"version-history":[{"count":0,"href":"https:\/\/linitiative.ca\/International\/wp-json\/wp\/v2\/posts\/86126\/revisions"}],"wp:attachment":[{"href":"https:\/\/linitiative.ca\/International\/wp-json\/wp\/v2\/media?parent=86126"}],"wp:term":[{"taxonomy":"category","embeddable":true,"href":"https:\/\/linitiative.ca\/International\/wp-json\/wp\/v2\/categories?post=86126"},{"taxonomy":"post_tag","embeddable":true,"href":"https:\/\/linitiative.ca\/International\/wp-json\/wp\/v2\/tags?post=86126"}],"curies":[{"name":"wp","href":"https:\/\/api.w.org\/{rel}","templated":true}]}}