{"id":86137,"date":"2020-05-20T13:32:32","date_gmt":"2020-05-20T17:32:32","guid":{"rendered":"https:\/\/linitiative.ca\/International\/forte-levee-du-tresor-sur-le-domestique\/"},"modified":"2020-05-20T13:32:32","modified_gmt":"2020-05-20T17:32:32","slug":"forte-levee-du-tresor-sur-le-domestique","status":"publish","type":"post","link":"https:\/\/linitiative.ca\/International\/forte-levee-du-tresor-sur-le-domestique\/","title":{"rendered":"Forte lev\u00e9e du Tr\u00e9sor sur le domestique"},"content":{"rendered":"<div class=\"body\">\n<div class=\"field field-name-body field-type-text-with-summary field-label-hidden\">\n<div class=\"field-items\" readability=\"9\">\n<div class=\"field-item even\" property=\"content:encoded\" readability=\"13\">\n<p class=\"rtejustify\">Importante sortie du Tr\u00e9sor sur le domestique. Il vient de lever un montant de 3,5 milliards de DH lors de l\u2019op\u00e9ration d\u2019\u00e9mission de bons par adjudication du 19 mai. En face la demande a \u00e9t\u00e9 importante d\u00e9passant les 15,5 milliards de DH. Les bons souscrits ont principalement port\u00e9 sur des maturit\u00e9s courtes (13 semaines, 52 semaines et 2 ans). La date de r\u00e8glement des bons souscrits interviendra le 26 mai.<br \/><em>M.A.B.<\/em><\/p>\n<\/div>\n<\/div>\n<\/div>\n<\/div>\n<div class=\"eco-conseil\">\n<div class=\"view view-eco-conseil-16 view-id-eco_conseil_16 view-display-id-cookies view-dom-id-4580dccb4180d3a94976b0f159ac3f32\">\n<div class=\"view-content\">\n<div id=\"views-bootstrap-grid-1\" class=\"views-bootstrap-grid-plugin-style\">\n<div class=\"row\">\n<div class=\" col-xs-12 col-lg-4\">\n<div class=\"row\">\n<div class=\"col col-xs-12 col-lg-12\">\n<div class=\"field-content\"><a href=\"\/article\/1062231-outsourcia-adopte-definitivement-le-teletravail\"><img loading=\"lazy\" decoding=\"async\" class=\"img-responsive\" typeof=\"foaf:Image\" src=\"https:\/\/www.leconomiste.com\/sites\/default\/files\/eco7\/public\/styles\/800x400\/public\/default_images\/default_une.jpg?itok=4jZlgnIZ\" width=\"660\" height=\"330\" alt=\"\"\/><\/a><\/div>\n<\/div>\n<div class=\" title_suite_2 col col-xs-12 col-lg-12\"> <a href=\"\/article\/1062231-outsourcia-adopte-definitivement-le-teletravail\"\/><span class=\"field-content\">Outsourcia adopte d\u00e9finitivement le t\u00e9l\u00e9travail<\/span><\/div>\n<\/div>\n<\/div>\n<div class=\" col-xs-12 col-lg-4\">\n<div class=\"row\">\n<div class=\"col col-xs-12 col-lg-12\">\n<div class=\"field-content\"><a href=\"\/article\/1062230-marsa-maroc-pas-d-effet-covid-19-dans-les-comptes-pour-le-moment\"><img loading=\"lazy\" decoding=\"async\" class=\"img-responsive\" typeof=\"foaf:Image\" src=\"https:\/\/www.leconomiste.com\/sites\/default\/files\/eco7\/public\/styles\/800x400\/public\/default_images\/default_une.jpg?itok=4jZlgnIZ\" width=\"660\" height=\"330\" alt=\"\"\/><\/a><\/div>\n<\/div>\n<div class=\" title_suite_2 col col-xs-12 col-lg-12\"> <a href=\"\/article\/1062230-marsa-maroc-pas-d-effet-covid-19-dans-les-comptes-pour-le-moment\"\/><span class=\"field-content\">Marsa Maroc: Pas d\u2019effet Covid-19 dans les comptes\u2026 pour le moment<\/span><\/div>\n<\/div>\n<\/div>\n<div class=\" col-xs-12 col-lg-4\">\n<div class=\"row\">\n<div class=\"col col-xs-12 col-lg-12\">\n<div class=\"field-content\"><a href=\"\/article\/1062229-sofitel-agadir-les-precisions-de-risma\"><img loading=\"lazy\" decoding=\"async\" class=\"img-responsive\" typeof=\"foaf:Image\" src=\"https:\/\/www.leconomiste.com\/sites\/default\/files\/eco7\/public\/styles\/800x400\/public\/default_images\/default_une.jpg?itok=4jZlgnIZ\" width=\"660\" height=\"330\" alt=\"\"\/><\/a><\/div>\n<\/div>\n<div class=\" title_suite_2 col col-xs-12 col-lg-12\"> <a href=\"\/article\/1062229-sofitel-agadir-les-precisions-de-risma\"\/><span class=\"field-content\">Sofitel Agadir: Les pr\u00e9cisions de Risma <\/span><\/div>\n<\/div>\n<\/div>\n<\/div>\n<\/div>\n<\/div>\n<\/div>\n<\/div>\n<p>Auteur: hlafriqi<br \/>\n<a href=\"https:\/\/www.leconomiste.com\/article\/1062227-forte-levee-du-tresor-sur-le-domestique\">Cliquez ici pour lire l&rsquo;article depuis sa source.<\/a><\/p>\n","protected":false},"excerpt":{"rendered":"<p>Importante sortie du Tr\u00e9sor sur le domestique. Il vient de lever un montant de 3,5 milliards de DH lors de l\u2019op\u00e9ration d\u2019\u00e9mission de bons par adjudication du 19 mai. En face la demande a \u00e9t\u00e9 importante d\u00e9passant les 15,5 milliards de DH. Les bons souscrits ont principalement port\u00e9 sur des maturit\u00e9s courtes (13 semaines, 52 [&hellip;]<\/p>\n","protected":false},"author":1763,"featured_media":0,"comment_status":"closed","ping_status":"closed","sticky":false,"template":"","format":"standard","meta":{"fifu_image_url":"","fifu_image_alt":"","footnotes":""},"categories":[78,54],"tags":[],"class_list":["post-86137","post","type-post","status-publish","format-standard","hentry","category-economie","category-maroc"],"_links":{"self":[{"href":"https:\/\/linitiative.ca\/International\/wp-json\/wp\/v2\/posts\/86137","targetHints":{"allow":["GET"]}}],"collection":[{"href":"https:\/\/linitiative.ca\/International\/wp-json\/wp\/v2\/posts"}],"about":[{"href":"https:\/\/linitiative.ca\/International\/wp-json\/wp\/v2\/types\/post"}],"author":[{"embeddable":true,"href":"https:\/\/linitiative.ca\/International\/wp-json\/wp\/v2\/users\/1763"}],"replies":[{"embeddable":true,"href":"https:\/\/linitiative.ca\/International\/wp-json\/wp\/v2\/comments?post=86137"}],"version-history":[{"count":0,"href":"https:\/\/linitiative.ca\/International\/wp-json\/wp\/v2\/posts\/86137\/revisions"}],"wp:attachment":[{"href":"https:\/\/linitiative.ca\/International\/wp-json\/wp\/v2\/media?parent=86137"}],"wp:term":[{"taxonomy":"category","embeddable":true,"href":"https:\/\/linitiative.ca\/International\/wp-json\/wp\/v2\/categories?post=86137"},{"taxonomy":"post_tag","embeddable":true,"href":"https:\/\/linitiative.ca\/International\/wp-json\/wp\/v2\/tags?post=86137"}],"curies":[{"name":"wp","href":"https:\/\/api.w.org\/{rel}","templated":true}]}}