{"id":86138,"date":"2020-05-20T13:33:28","date_gmt":"2020-05-20T17:33:28","guid":{"rendered":"https:\/\/linitiative.ca\/International\/tres-petite-baisse-de-lipc\/"},"modified":"2020-05-20T13:33:28","modified_gmt":"2020-05-20T17:33:28","slug":"tres-petite-baisse-de-lipc","status":"publish","type":"post","link":"https:\/\/linitiative.ca\/International\/tres-petite-baisse-de-lipc\/","title":{"rendered":"Tr\u00e8s petite baisse de l\u2019IPC"},"content":{"rendered":"<div class=\"body\">\n<div class=\"field field-name-body field-type-text-with-summary field-label-hidden\">\n<div class=\"field-items\" readability=\"15\">\n<div class=\"field-item even\" property=\"content:encoded\" readability=\"25\">\n<p class=\"rtejustify\">Selon le Haut-commissariat au plan (HCP), l\u2019indice des prix \u00e0 la consommation (IPC) a baiss\u00e9 de 0,1% en avril. Cela est la r\u00e9sultante du repli de 0,7% de l\u2019indice des produits non alimentaires qui a \u00e9t\u00e9 contrebalanc\u00e9 par la hausse de 0,7% de l\u2019indice des produits alimentaires. Cette hausse a principalement concern\u00e9 les \u00abPoissons et fruits de mer\u00bb avec 10,2%, les \u00abFruits\u00bb avec 5,8%, le \u00abLait, fromage et \u0153ufs\u00bb avec 0,3% et les \u00abHuiles et graisses\u00bb avec 0,1%. Les prix ont, en revanche, diminu\u00e9 de 1,3% pour les \u00abViandes\u00bb et de 1,2% pour les \u00abL\u00e9gumes\u00bb.<br \/><em>M.A.B.<\/em><\/p>\n<\/div>\n<\/div>\n<\/div>\n<\/div>\n<div class=\"eco-conseil\">\n<div class=\"view view-eco-conseil-16 view-id-eco_conseil_16 view-display-id-cookies view-dom-id-ecb272e6e1a54f655bcc9a90e56ed371\">\n<div class=\"view-content\">\n<div id=\"views-bootstrap-grid-1\" class=\"views-bootstrap-grid-plugin-style\">\n<div class=\"row\">\n<div class=\" col-xs-12 col-lg-4\">\n<div class=\"row\">\n<div class=\"col col-xs-12 col-lg-12\">\n<div class=\"field-content\"><a href=\"\/article\/1062231-outsourcia-adopte-definitivement-le-teletravail\"><img loading=\"lazy\" decoding=\"async\" class=\"img-responsive\" typeof=\"foaf:Image\" src=\"https:\/\/www.leconomiste.com\/sites\/default\/files\/eco7\/public\/styles\/800x400\/public\/default_images\/default_une.jpg?itok=4jZlgnIZ\" width=\"660\" height=\"330\" alt=\"\"\/><\/a><\/div>\n<\/div>\n<div class=\" title_suite_2 col col-xs-12 col-lg-12\"> <a href=\"\/article\/1062231-outsourcia-adopte-definitivement-le-teletravail\"\/><span class=\"field-content\">Outsourcia adopte d\u00e9finitivement le t\u00e9l\u00e9travail<\/span><\/div>\n<\/div>\n<\/div>\n<div class=\" col-xs-12 col-lg-4\">\n<div class=\"row\">\n<div class=\"col col-xs-12 col-lg-12\">\n<div class=\"field-content\"><a href=\"\/article\/1062230-marsa-maroc-pas-d-effet-covid-19-dans-les-comptes-pour-le-moment\"><img loading=\"lazy\" decoding=\"async\" class=\"img-responsive\" typeof=\"foaf:Image\" src=\"https:\/\/www.leconomiste.com\/sites\/default\/files\/eco7\/public\/styles\/800x400\/public\/default_images\/default_une.jpg?itok=4jZlgnIZ\" width=\"660\" height=\"330\" alt=\"\"\/><\/a><\/div>\n<\/div>\n<div class=\" title_suite_2 col col-xs-12 col-lg-12\"> <a href=\"\/article\/1062230-marsa-maroc-pas-d-effet-covid-19-dans-les-comptes-pour-le-moment\"\/><span class=\"field-content\">Marsa Maroc: Pas d\u2019effet Covid-19 dans les comptes\u2026 pour le moment<\/span><\/div>\n<\/div>\n<\/div>\n<div class=\" col-xs-12 col-lg-4\">\n<div class=\"row\">\n<div class=\"col col-xs-12 col-lg-12\">\n<div class=\"field-content\"><a href=\"\/article\/1062229-sofitel-agadir-les-precisions-de-risma\"><img loading=\"lazy\" decoding=\"async\" class=\"img-responsive\" typeof=\"foaf:Image\" src=\"https:\/\/www.leconomiste.com\/sites\/default\/files\/eco7\/public\/styles\/800x400\/public\/default_images\/default_une.jpg?itok=4jZlgnIZ\" width=\"660\" height=\"330\" alt=\"\"\/><\/a><\/div>\n<\/div>\n<div class=\" title_suite_2 col col-xs-12 col-lg-12\"> <a href=\"\/article\/1062229-sofitel-agadir-les-precisions-de-risma\"\/><span class=\"field-content\">Sofitel Agadir: Les pr\u00e9cisions de Risma <\/span><\/div>\n<\/div>\n<\/div>\n<\/div>\n<\/div>\n<\/div>\n<\/div>\n<\/div>\n<p>Auteur: hlafriqi<br \/>\n<a href=\"https:\/\/www.leconomiste.com\/article\/1062228-tres-petite-baisse-de-l-ipc\">Cliquez ici pour lire l&rsquo;article depuis sa source.<\/a><\/p>\n","protected":false},"excerpt":{"rendered":"<p>Selon le Haut-commissariat au plan (HCP), l\u2019indice des prix \u00e0 la consommation (IPC) a baiss\u00e9 de 0,1% en avril. Cela est la r\u00e9sultante du repli de 0,7% de l\u2019indice des produits non alimentaires qui a \u00e9t\u00e9 contrebalanc\u00e9 par la hausse de 0,7% de l\u2019indice des produits alimentaires. Cette hausse a principalement concern\u00e9 les \u00abPoissons et [&hellip;]<\/p>\n","protected":false},"author":1763,"featured_media":0,"comment_status":"closed","ping_status":"closed","sticky":false,"template":"","format":"standard","meta":{"fifu_image_url":"","fifu_image_alt":"","footnotes":""},"categories":[78,54],"tags":[],"class_list":["post-86138","post","type-post","status-publish","format-standard","hentry","category-economie","category-maroc"],"_links":{"self":[{"href":"https:\/\/linitiative.ca\/International\/wp-json\/wp\/v2\/posts\/86138","targetHints":{"allow":["GET"]}}],"collection":[{"href":"https:\/\/linitiative.ca\/International\/wp-json\/wp\/v2\/posts"}],"about":[{"href":"https:\/\/linitiative.ca\/International\/wp-json\/wp\/v2\/types\/post"}],"author":[{"embeddable":true,"href":"https:\/\/linitiative.ca\/International\/wp-json\/wp\/v2\/users\/1763"}],"replies":[{"embeddable":true,"href":"https:\/\/linitiative.ca\/International\/wp-json\/wp\/v2\/comments?post=86138"}],"version-history":[{"count":0,"href":"https:\/\/linitiative.ca\/International\/wp-json\/wp\/v2\/posts\/86138\/revisions"}],"wp:attachment":[{"href":"https:\/\/linitiative.ca\/International\/wp-json\/wp\/v2\/media?parent=86138"}],"wp:term":[{"taxonomy":"category","embeddable":true,"href":"https:\/\/linitiative.ca\/International\/wp-json\/wp\/v2\/categories?post=86138"},{"taxonomy":"post_tag","embeddable":true,"href":"https:\/\/linitiative.ca\/International\/wp-json\/wp\/v2\/tags?post=86138"}],"curies":[{"name":"wp","href":"https:\/\/api.w.org\/{rel}","templated":true}]}}