{"id":86139,"date":"2020-05-20T13:34:20","date_gmt":"2020-05-20T17:34:20","guid":{"rendered":"https:\/\/linitiative.ca\/International\/sofitel-agadir-les-precisions-de-risma\/"},"modified":"2020-05-20T13:34:20","modified_gmt":"2020-05-20T17:34:20","slug":"sofitel-agadir-les-precisions-de-risma","status":"publish","type":"post","link":"https:\/\/linitiative.ca\/International\/sofitel-agadir-les-precisions-de-risma\/","title":{"rendered":"Sofitel Agadir: Les pr\u00e9cisions de Risma"},"content":{"rendered":"<div class=\"body\">\n<div class=\"field field-name-body field-type-text-with-summary field-label-hidden\">\n<div class=\"field-items\" readability=\"7.5\">\n<div class=\"field-item even\" property=\"content:encoded\" readability=\"10\">\n<p class=\"rtejustify\">Comme nous l\u2019annoncions dans nos \u00e9ditions pr\u00e9c\u00e9demment Risma a mis fin au contrat de location du Sofitel Agadir Royal Bay. Le premier op\u00e9rateur touristique au Maroc avec 5 milliards de DH d\u2019investissement r\u00e9alis\u00e9s en 26 ans et 2.663 salari\u00e9s \u00e9tait li\u00e9 depuis 2004 \u00e0 la soci\u00e9t\u00e9 ABS Holding pour la gestion de l\u2019h\u00f4tel qui arrive \u00e0 \u00e9ch\u00e9ance le 30 juin 2020. Cette d\u00e9cision qui intervient d\u2019un commun accord entre les deux parties est justifi\u00e9e par la v\u00e9tust\u00e9 de l\u2019h\u00f4tel qui n\u00e9cessite une r\u00e9novation profonde pour r\u00e9pondre aux standards luxe 5 \u00e9toiles. Le bras financier d\u2019Accor au Maroc assure rester propri\u00e9taire du Sofitel Agadir Thalassa Sea &amp; Spa qui demeure actuellement ouvert et poursuit son activit\u00e9.<br \/><em>M.A.B.<\/em><\/p>\n<\/div>\n<\/div>\n<\/div>\n<\/div>\n<div class=\"eco-conseil\">\n<div class=\"view view-eco-conseil-16 view-id-eco_conseil_16 view-display-id-cookies view-dom-id-fce728936e9e448c3c379dde75801e64\">\n<div class=\"view-content\">\n<div id=\"views-bootstrap-grid-1\" class=\"views-bootstrap-grid-plugin-style\">\n<div class=\"row\">\n<div class=\" col-xs-12 col-lg-4\">\n<div class=\"row\">\n<div class=\"col col-xs-12 col-lg-12\">\n<div class=\"field-content\"><a href=\"\/article\/1062231-outsourcia-adopte-definitivement-le-teletravail\"><img loading=\"lazy\" decoding=\"async\" class=\"img-responsive\" typeof=\"foaf:Image\" src=\"https:\/\/www.leconomiste.com\/sites\/default\/files\/eco7\/public\/styles\/800x400\/public\/default_images\/default_une.jpg?itok=4jZlgnIZ\" width=\"660\" height=\"330\" alt=\"\"\/><\/a><\/div>\n<\/div>\n<div class=\" title_suite_2 col col-xs-12 col-lg-12\"> <a href=\"\/article\/1062231-outsourcia-adopte-definitivement-le-teletravail\"\/><span class=\"field-content\">Outsourcia adopte d\u00e9finitivement le t\u00e9l\u00e9travail<\/span><\/div>\n<\/div>\n<\/div>\n<div class=\" col-xs-12 col-lg-4\">\n<div class=\"row\">\n<div class=\"col col-xs-12 col-lg-12\">\n<div class=\"field-content\"><a href=\"\/article\/1062230-marsa-maroc-pas-d-effet-covid-19-dans-les-comptes-pour-le-moment\"><img loading=\"lazy\" decoding=\"async\" class=\"img-responsive\" typeof=\"foaf:Image\" src=\"https:\/\/www.leconomiste.com\/sites\/default\/files\/eco7\/public\/styles\/800x400\/public\/default_images\/default_une.jpg?itok=4jZlgnIZ\" width=\"660\" height=\"330\" alt=\"\"\/><\/a><\/div>\n<\/div>\n<div class=\" title_suite_2 col col-xs-12 col-lg-12\"> <a href=\"\/article\/1062230-marsa-maroc-pas-d-effet-covid-19-dans-les-comptes-pour-le-moment\"\/><span class=\"field-content\">Marsa Maroc: Pas d\u2019effet Covid-19 dans les comptes\u2026 pour le moment<\/span><\/div>\n<\/div>\n<\/div>\n<div class=\" col-xs-12 col-lg-4\">\n<div class=\"row\">\n<div class=\"col col-xs-12 col-lg-12\">\n<div class=\"field-content\"><a href=\"\/article\/1062228-tres-petite-baisse-de-l-ipc\"><img loading=\"lazy\" decoding=\"async\" class=\"img-responsive\" typeof=\"foaf:Image\" src=\"https:\/\/www.leconomiste.com\/sites\/default\/files\/eco7\/public\/styles\/800x400\/public\/default_images\/default_une.jpg?itok=4jZlgnIZ\" width=\"660\" height=\"330\" alt=\"\"\/><\/a><\/div>\n<\/div>\n<div class=\" title_suite_2 col col-xs-12 col-lg-12\"> <a href=\"\/article\/1062228-tres-petite-baisse-de-l-ipc\"\/><span class=\"field-content\">Tr\u00e8s petite baisse de l\u2019IPC <\/span><\/div>\n<\/div>\n<\/div>\n<\/div>\n<\/div>\n<\/div>\n<\/div>\n<\/div>\n<p>Auteur: hlafriqi<br \/>\n<a href=\"https:\/\/www.leconomiste.com\/article\/1062229-sofitel-agadir-les-precisions-de-risma\">Cliquez ici pour lire l&rsquo;article depuis sa source.<\/a><\/p>\n","protected":false},"excerpt":{"rendered":"<p>Comme nous l\u2019annoncions dans nos \u00e9ditions pr\u00e9c\u00e9demment Risma a mis fin au contrat de location du Sofitel Agadir Royal Bay. Le premier op\u00e9rateur touristique au Maroc avec 5 milliards de DH d\u2019investissement r\u00e9alis\u00e9s en 26 ans et 2.663 salari\u00e9s \u00e9tait li\u00e9 depuis 2004 \u00e0 la soci\u00e9t\u00e9 ABS Holding pour la gestion de l\u2019h\u00f4tel qui arrive [&hellip;]<\/p>\n","protected":false},"author":1763,"featured_media":0,"comment_status":"closed","ping_status":"closed","sticky":false,"template":"","format":"standard","meta":{"fifu_image_url":"","fifu_image_alt":"","footnotes":""},"categories":[78,54],"tags":[],"class_list":["post-86139","post","type-post","status-publish","format-standard","hentry","category-economie","category-maroc"],"_links":{"self":[{"href":"https:\/\/linitiative.ca\/International\/wp-json\/wp\/v2\/posts\/86139","targetHints":{"allow":["GET"]}}],"collection":[{"href":"https:\/\/linitiative.ca\/International\/wp-json\/wp\/v2\/posts"}],"about":[{"href":"https:\/\/linitiative.ca\/International\/wp-json\/wp\/v2\/types\/post"}],"author":[{"embeddable":true,"href":"https:\/\/linitiative.ca\/International\/wp-json\/wp\/v2\/users\/1763"}],"replies":[{"embeddable":true,"href":"https:\/\/linitiative.ca\/International\/wp-json\/wp\/v2\/comments?post=86139"}],"version-history":[{"count":0,"href":"https:\/\/linitiative.ca\/International\/wp-json\/wp\/v2\/posts\/86139\/revisions"}],"wp:attachment":[{"href":"https:\/\/linitiative.ca\/International\/wp-json\/wp\/v2\/media?parent=86139"}],"wp:term":[{"taxonomy":"category","embeddable":true,"href":"https:\/\/linitiative.ca\/International\/wp-json\/wp\/v2\/categories?post=86139"},{"taxonomy":"post_tag","embeddable":true,"href":"https:\/\/linitiative.ca\/International\/wp-json\/wp\/v2\/tags?post=86139"}],"curies":[{"name":"wp","href":"https:\/\/api.w.org\/{rel}","templated":true}]}}