{"id":86140,"date":"2020-05-20T13:35:12","date_gmt":"2020-05-20T17:35:12","guid":{"rendered":"https:\/\/linitiative.ca\/International\/marsa-maroc-pas-deffet-covid-19-dans-les-comptes-pour-le-moment\/"},"modified":"2020-05-20T13:35:12","modified_gmt":"2020-05-20T17:35:12","slug":"marsa-maroc-pas-deffet-covid-19-dans-les-comptes-pour-le-moment","status":"publish","type":"post","link":"https:\/\/linitiative.ca\/International\/marsa-maroc-pas-deffet-covid-19-dans-les-comptes-pour-le-moment\/","title":{"rendered":"Marsa Maroc: Pas d\u2019effet Covid-19 dans les comptes\u2026 pour le moment"},"content":{"rendered":"<div class=\"body\">\n<div class=\"field field-name-body field-type-text-with-summary field-label-hidden\">\n<div class=\"field-items\" readability=\"8.5\">\n<div class=\"field-item even\" property=\"content:encoded\" readability=\"12\">\n<p class=\"rtejustify\">En attendant les premiers impacts du Covid-19 dans les comptes, le chiffre d\u2019affaires consolid\u00e9 de Marsa Maroc s\u2019est \u00e9tabli \u00e0 772 millions de DH au 31 mars en hausse de 6% par rapport \u00e0 la m\u00eame p\u00e9riode de 2010. Le groupe a engag\u00e9 au cours du premier trimestre un investissement de 17 millions de DH. Ces investissements ont \u00e9t\u00e9 r\u00e9alis\u00e9s par SODEP S.A. Pour ce qui est de l\u2019endettement, il se monte \u00e0 233 millions de DH au premier trimestre. Il est compos\u00e9 de 908 millions de DH de dettes et de 675 millions de DH de disponibilit\u00e9s.<br \/><em>M.A.B.\u00a0\u00a0 <\/em><\/p>\n<\/div>\n<\/div>\n<\/div>\n<\/div>\n<div class=\"eco-conseil\">\n<div class=\"view view-eco-conseil-16 view-id-eco_conseil_16 view-display-id-cookies view-dom-id-5afbcf91df7c300af38372f90a3a3fd1\">\n<div class=\"view-content\">\n<div id=\"views-bootstrap-grid-1\" class=\"views-bootstrap-grid-plugin-style\">\n<div class=\"row\">\n<div class=\" col-xs-12 col-lg-4\">\n<div class=\"row\">\n<div class=\"col col-xs-12 col-lg-12\">\n<div class=\"field-content\"><a href=\"\/article\/1062231-outsourcia-adopte-definitivement-le-teletravail\"><img loading=\"lazy\" decoding=\"async\" class=\"img-responsive\" typeof=\"foaf:Image\" src=\"https:\/\/www.leconomiste.com\/sites\/default\/files\/eco7\/public\/styles\/800x400\/public\/default_images\/default_une.jpg?itok=4jZlgnIZ\" width=\"660\" height=\"330\" alt=\"\"\/><\/a><\/div>\n<\/div>\n<div class=\" title_suite_2 col col-xs-12 col-lg-12\"> <a href=\"\/article\/1062231-outsourcia-adopte-definitivement-le-teletravail\"\/><span class=\"field-content\">Outsourcia adopte d\u00e9finitivement le t\u00e9l\u00e9travail<\/span><\/div>\n<\/div>\n<\/div>\n<div class=\" col-xs-12 col-lg-4\">\n<div class=\"row\">\n<div class=\"col col-xs-12 col-lg-12\">\n<div class=\"field-content\"><a href=\"\/article\/1062229-sofitel-agadir-les-precisions-de-risma\"><img loading=\"lazy\" decoding=\"async\" class=\"img-responsive\" typeof=\"foaf:Image\" src=\"https:\/\/www.leconomiste.com\/sites\/default\/files\/eco7\/public\/styles\/800x400\/public\/default_images\/default_une.jpg?itok=4jZlgnIZ\" width=\"660\" height=\"330\" alt=\"\"\/><\/a><\/div>\n<\/div>\n<div class=\" title_suite_2 col col-xs-12 col-lg-12\"> <a href=\"\/article\/1062229-sofitel-agadir-les-precisions-de-risma\"\/><span class=\"field-content\">Sofitel Agadir: Les pr\u00e9cisions de Risma <\/span><\/div>\n<\/div>\n<\/div>\n<div class=\" col-xs-12 col-lg-4\">\n<div class=\"row\">\n<div class=\"col col-xs-12 col-lg-12\">\n<div class=\"field-content\"><a href=\"\/article\/1062228-tres-petite-baisse-de-l-ipc\"><img loading=\"lazy\" decoding=\"async\" class=\"img-responsive\" typeof=\"foaf:Image\" src=\"https:\/\/www.leconomiste.com\/sites\/default\/files\/eco7\/public\/styles\/800x400\/public\/default_images\/default_une.jpg?itok=4jZlgnIZ\" width=\"660\" height=\"330\" alt=\"\"\/><\/a><\/div>\n<\/div>\n<div class=\" title_suite_2 col col-xs-12 col-lg-12\"> <a href=\"\/article\/1062228-tres-petite-baisse-de-l-ipc\"\/><span class=\"field-content\">Tr\u00e8s petite baisse de l\u2019IPC <\/span><\/div>\n<\/div>\n<\/div>\n<\/div>\n<\/div>\n<\/div>\n<\/div>\n<\/div>\n<p>Auteur: hlafriqi<br \/>\n<a href=\"https:\/\/www.leconomiste.com\/article\/1062230-marsa-maroc-pas-d-effet-covid-19-dans-les-comptes-pour-le-moment\">Cliquez ici pour lire l&rsquo;article depuis sa source.<\/a><\/p>\n","protected":false},"excerpt":{"rendered":"<p>En attendant les premiers impacts du Covid-19 dans les comptes, le chiffre d\u2019affaires consolid\u00e9 de Marsa Maroc s\u2019est \u00e9tabli \u00e0 772 millions de DH au 31 mars en hausse de 6% par rapport \u00e0 la m\u00eame p\u00e9riode de 2010. Le groupe a engag\u00e9 au cours du premier trimestre un investissement de 17 millions de DH. [&hellip;]<\/p>\n","protected":false},"author":1763,"featured_media":0,"comment_status":"closed","ping_status":"closed","sticky":false,"template":"","format":"standard","meta":{"fifu_image_url":"","fifu_image_alt":"","footnotes":""},"categories":[78,54],"tags":[],"class_list":["post-86140","post","type-post","status-publish","format-standard","hentry","category-economie","category-maroc"],"_links":{"self":[{"href":"https:\/\/linitiative.ca\/International\/wp-json\/wp\/v2\/posts\/86140","targetHints":{"allow":["GET"]}}],"collection":[{"href":"https:\/\/linitiative.ca\/International\/wp-json\/wp\/v2\/posts"}],"about":[{"href":"https:\/\/linitiative.ca\/International\/wp-json\/wp\/v2\/types\/post"}],"author":[{"embeddable":true,"href":"https:\/\/linitiative.ca\/International\/wp-json\/wp\/v2\/users\/1763"}],"replies":[{"embeddable":true,"href":"https:\/\/linitiative.ca\/International\/wp-json\/wp\/v2\/comments?post=86140"}],"version-history":[{"count":0,"href":"https:\/\/linitiative.ca\/International\/wp-json\/wp\/v2\/posts\/86140\/revisions"}],"wp:attachment":[{"href":"https:\/\/linitiative.ca\/International\/wp-json\/wp\/v2\/media?parent=86140"}],"wp:term":[{"taxonomy":"category","embeddable":true,"href":"https:\/\/linitiative.ca\/International\/wp-json\/wp\/v2\/categories?post=86140"},{"taxonomy":"post_tag","embeddable":true,"href":"https:\/\/linitiative.ca\/International\/wp-json\/wp\/v2\/tags?post=86140"}],"curies":[{"name":"wp","href":"https:\/\/api.w.org\/{rel}","templated":true}]}}