{"id":86141,"date":"2020-05-20T13:36:16","date_gmt":"2020-05-20T17:36:16","guid":{"rendered":"https:\/\/linitiative.ca\/International\/outsourcia-adopte-definitivement-le-teletravail\/"},"modified":"2020-05-20T13:36:16","modified_gmt":"2020-05-20T17:36:16","slug":"outsourcia-adopte-definitivement-le-teletravail","status":"publish","type":"post","link":"https:\/\/linitiative.ca\/International\/outsourcia-adopte-definitivement-le-teletravail\/","title":{"rendered":"Outsourcia adopte d\u00e9finitivement le t\u00e9l\u00e9travail"},"content":{"rendered":"<div class=\"author\" readability=\"5.6949152542373\"> Par <a href=\"\/content\/ahlam-nazih\"> Ahlam NAZIH<\/a> <a href=\"\/node\/\"> <\/a> | Edition N\u00b0:5766 Le 21\/05\/2020 | Partager <\/div>\n<div class=\"body\">\n<div class=\"field field-name-body field-type-text-with-summary field-label-hidden\">\n<div class=\"field-items\" readability=\"11\">\n<div class=\"field-item even\" property=\"content:encoded\" readability=\"17\">\n<p class=\"rtejustify\">Pour certaines entreprises, le t\u00e9l\u00e9travail a \u00e9t\u00e9 une v\u00e9ritable d\u00e9couverte. Depuis la mi-mars, le groupe Outsourcia a mis plus de 90% de ses collaborateurs au t\u00e9l\u00e9travail. Aujourd\u2019hui, le sp\u00e9cialiste de la relation client envisage d\u2019offrir cette option de mani\u00e8re permanente \u00e0 l\u2019ensemble de ses salari\u00e9s. Le groupe, qui emploie pr\u00e8s de 1.800 personnes dans 4 pays, est d\u00e9sormais convaincu des vertus de ce mode de travail. Outsourcia d\u00e9clare avoir pu d\u00e9passer son niveau de productivit\u00e9, tout en maintenant ses standards de qualit\u00e9, gr\u00e2ce \u00e0 cet outil qui permet \u00e9galement aux collaborateurs de gagner en qualit\u00e9 de vie.<br \/><em>A.Na\u00a0\u00a0 <\/em><\/p>\n<\/div>\n<\/div>\n<\/div>\n<\/div>\n<div class=\"eco-conseil\">\n<div class=\"view view-eco-conseil-16 view-id-eco_conseil_16 view-display-id-cookies view-dom-id-e138eef1b62aca228e040b59f8038768\">\n<div class=\"view-content\">\n<div id=\"views-bootstrap-grid-1\" class=\"views-bootstrap-grid-plugin-style\">\n<div class=\"row\">\n<div class=\" col-xs-12 col-lg-4\">\n<div class=\"row\">\n<div class=\"col col-xs-12 col-lg-12\">\n<div class=\"field-content\"><a href=\"\/article\/1062230-marsa-maroc-pas-d-effet-covid-19-dans-les-comptes-pour-le-moment\"><img loading=\"lazy\" decoding=\"async\" class=\"img-responsive\" typeof=\"foaf:Image\" src=\"https:\/\/www.leconomiste.com\/sites\/default\/files\/eco7\/public\/styles\/800x400\/public\/default_images\/default_une.jpg?itok=4jZlgnIZ\" width=\"660\" height=\"330\" alt=\"\"\/><\/a><\/div>\n<\/div>\n<div class=\" title_suite_2 col col-xs-12 col-lg-12\"> <a href=\"\/article\/1062230-marsa-maroc-pas-d-effet-covid-19-dans-les-comptes-pour-le-moment\"\/><span class=\"field-content\">Marsa Maroc: Pas d\u2019effet Covid-19 dans les comptes\u2026 pour le moment<\/span><\/div>\n<\/div>\n<\/div>\n<div class=\" col-xs-12 col-lg-4\">\n<div class=\"row\">\n<div class=\"col col-xs-12 col-lg-12\">\n<div class=\"field-content\"><a href=\"\/article\/1062229-sofitel-agadir-les-precisions-de-risma\"><img loading=\"lazy\" decoding=\"async\" class=\"img-responsive\" typeof=\"foaf:Image\" src=\"https:\/\/www.leconomiste.com\/sites\/default\/files\/eco7\/public\/styles\/800x400\/public\/default_images\/default_une.jpg?itok=4jZlgnIZ\" width=\"660\" height=\"330\" alt=\"\"\/><\/a><\/div>\n<\/div>\n<div class=\" title_suite_2 col col-xs-12 col-lg-12\"> <a href=\"\/article\/1062229-sofitel-agadir-les-precisions-de-risma\"\/><span class=\"field-content\">Sofitel Agadir: Les pr\u00e9cisions de Risma <\/span><\/div>\n<\/div>\n<\/div>\n<div class=\" col-xs-12 col-lg-4\">\n<div class=\"row\">\n<div class=\"col col-xs-12 col-lg-12\">\n<div class=\"field-content\"><a href=\"\/article\/1062228-tres-petite-baisse-de-l-ipc\"><img loading=\"lazy\" decoding=\"async\" class=\"img-responsive\" typeof=\"foaf:Image\" src=\"https:\/\/www.leconomiste.com\/sites\/default\/files\/eco7\/public\/styles\/800x400\/public\/default_images\/default_une.jpg?itok=4jZlgnIZ\" width=\"660\" height=\"330\" alt=\"\"\/><\/a><\/div>\n<\/div>\n<div class=\" title_suite_2 col col-xs-12 col-lg-12\"> <a href=\"\/article\/1062228-tres-petite-baisse-de-l-ipc\"\/><span class=\"field-content\">Tr\u00e8s petite baisse de l\u2019IPC <\/span><\/div>\n<\/div>\n<\/div>\n<\/div>\n<\/div>\n<\/div>\n<\/div>\n<\/div>\n<p>Auteur: hlafriqi<br \/>\n<a href=\"https:\/\/www.leconomiste.com\/article\/1062231-outsourcia-adopte-definitivement-le-teletravail\">Cliquez ici pour lire l&rsquo;article depuis sa source.<\/a><\/p>\n","protected":false},"excerpt":{"rendered":"<p>Par Ahlam NAZIH | Edition N\u00b0:5766 Le 21\/05\/2020 | Partager Pour certaines entreprises, le t\u00e9l\u00e9travail a \u00e9t\u00e9 une v\u00e9ritable d\u00e9couverte. Depuis la mi-mars, le groupe Outsourcia a mis plus de 90% de ses collaborateurs au t\u00e9l\u00e9travail. Aujourd\u2019hui, le sp\u00e9cialiste de la relation client envisage d\u2019offrir cette option de mani\u00e8re permanente \u00e0 l\u2019ensemble de ses salari\u00e9s. [&hellip;]<\/p>\n","protected":false},"author":1763,"featured_media":0,"comment_status":"closed","ping_status":"closed","sticky":false,"template":"","format":"standard","meta":{"fifu_image_url":"","fifu_image_alt":"","footnotes":""},"categories":[78,54],"tags":[],"class_list":["post-86141","post","type-post","status-publish","format-standard","hentry","category-economie","category-maroc"],"_links":{"self":[{"href":"https:\/\/linitiative.ca\/International\/wp-json\/wp\/v2\/posts\/86141","targetHints":{"allow":["GET"]}}],"collection":[{"href":"https:\/\/linitiative.ca\/International\/wp-json\/wp\/v2\/posts"}],"about":[{"href":"https:\/\/linitiative.ca\/International\/wp-json\/wp\/v2\/types\/post"}],"author":[{"embeddable":true,"href":"https:\/\/linitiative.ca\/International\/wp-json\/wp\/v2\/users\/1763"}],"replies":[{"embeddable":true,"href":"https:\/\/linitiative.ca\/International\/wp-json\/wp\/v2\/comments?post=86141"}],"version-history":[{"count":0,"href":"https:\/\/linitiative.ca\/International\/wp-json\/wp\/v2\/posts\/86141\/revisions"}],"wp:attachment":[{"href":"https:\/\/linitiative.ca\/International\/wp-json\/wp\/v2\/media?parent=86141"}],"wp:term":[{"taxonomy":"category","embeddable":true,"href":"https:\/\/linitiative.ca\/International\/wp-json\/wp\/v2\/categories?post=86141"},{"taxonomy":"post_tag","embeddable":true,"href":"https:\/\/linitiative.ca\/International\/wp-json\/wp\/v2\/tags?post=86141"}],"curies":[{"name":"wp","href":"https:\/\/api.w.org\/{rel}","templated":true}]}}