{"id":86143,"date":"2020-05-20T10:00:00","date_gmt":"2020-05-20T14:00:00","guid":{"rendered":"https:\/\/linitiative.ca\/International\/la-fifa-veut-organiser-un-match-pour-recolter-des-fonds\/"},"modified":"2020-05-20T10:00:00","modified_gmt":"2020-05-20T14:00:00","slug":"la-fifa-veut-organiser-un-match-pour-recolter-des-fonds","status":"publish","type":"post","link":"https:\/\/linitiative.ca\/International\/la-fifa-veut-organiser-un-match-pour-recolter-des-fonds\/","title":{"rendered":"La FIFA veut organiser un match pour r\u00e9colter des fonds"},"content":{"rendered":"<p class=\"MsoNormal c3\"><span class=\"c2\">La Fifa envisage d&rsquo;organiser un match afin de r\u00e9colter des fonds pour aider \u00e0 la lutte contre le coronavirus \u00ab\u00a0<em>d\u00e8s que la situation sanitaire le permettra\u00a0\u00bb<\/em>, a annonc\u00e9 lundi l&rsquo;instance.<\/span><\/p>\n<p class=\"MsoNormal c5\"><span class=\"c4\">\u00a0<\/span><\/p>\n<p class=\"MsoNormal c7\"><span class=\"c6\">La Fifa a d\u00e9j\u00e0 apport\u00e9 une contribution de 10 millions de dollars (9,2 millions d\u2019euros) \u00e0 l&rsquo;Organisation mondiale de la sant\u00e9 (OMS). Elle veut cette fois organiser, via sa fondation, un match pour r\u00e9colter des fonds au b\u00e9n\u00e9fice <em>\u00ab\u00a0d\u2019Access to COVID-19 Tools (ACT), une initiative mondiale qui vise \u00e0 acc\u00e9l\u00e9rer le d\u00e9veloppement, la production et un acc\u00e8s international \u00e9quitable aux technologies sanitaires essentielles pour lutter contre le coronavirus (diagnostic, traitement, vaccin<\/em>)\u00a0\u00bb, a pr\u00e9cis\u00e9 la Fifa dans un communiqu\u00e9.<\/span><\/p>\n<p class=\"MsoNormal c7\"><span class=\"c6\">Ni la date ni le lieu ,possibles de cette rencontre ,n&rsquo;ont \u00e9t\u00e9 pr\u00e9cis\u00e9s, alors que la pand\u00e9mie de coronavirus, qui a d\u00e9j\u00e0 fait plus de 300.000 morts et paralys\u00e9 le sport mondial, impose encore de nombreuses restrictions aux d\u00e9placements.<\/span><\/p>\n<p class=\"MsoNormal c7\"><em><span class=\"c6\">\u00ab\u00a0Nous nous engageons \u00e0 organiser un \u00e9v\u00e9nement mondial pour lever des fonds, d\u00e8s que la situation sanitaire le permettra, m\u00eame si nous devons encore patienter quelques mois\u00a0\u00bb,<\/span><\/em> <span class=\"c6\">a expliqu\u00e9 Gianni Infantino, pr\u00e9sident de la Fifa, cit\u00e9 dans le communiqu\u00e9.<\/span><\/p>\n<p class=\"MsoNormal c7\"><em><span class=\"c6\">\u00ab\u00a0Plusieurs sc\u00e9narios et projets sont actuellement \u00e0 l&rsquo;\u00e9tude\u00a0\u00bb,<\/span><\/em> <span class=\"c8\">a ajout\u00e9 l&rsquo;ancien international fran\u00e7ais Youri Djorkaeff, pr\u00e9sident de la Fondation FIFA<\/span><\/p>\n<p>Auteur: letemps1<br \/>\n<a href=\"http:\/\/www.letemps.com.tn\/article\/114038\/la-fifa-veut-organiser-un-match-pour-r%C3%A9colter-des-fonds\">Cliquez ici pour lire l&rsquo;article depuis sa source.<\/a><\/p>\n","protected":false},"excerpt":{"rendered":"<p>La Fifa envisage d&rsquo;organiser un match afin de r\u00e9colter des fonds pour aider \u00e0 la lutte contre le coronavirus \u00ab\u00a0d\u00e8s que la situation sanitaire le permettra\u00a0\u00bb, a annonc\u00e9 lundi l&rsquo;instance. \u00a0 La Fifa a d\u00e9j\u00e0 apport\u00e9 une contribution de 10 millions de dollars (9,2 millions d\u2019euros) \u00e0 l&rsquo;Organisation mondiale de la sant\u00e9 (OMS). Elle veut [&hellip;]<\/p>\n","protected":false},"author":1773,"featured_media":0,"comment_status":"closed","ping_status":"closed","sticky":false,"template":"","format":"standard","meta":{"fifu_image_url":"","fifu_image_alt":"","footnotes":""},"categories":[73,55],"tags":[],"class_list":["post-86143","post","type-post","status-publish","format-standard","hentry","category-actualite","category-tunisie"],"_links":{"self":[{"href":"https:\/\/linitiative.ca\/International\/wp-json\/wp\/v2\/posts\/86143","targetHints":{"allow":["GET"]}}],"collection":[{"href":"https:\/\/linitiative.ca\/International\/wp-json\/wp\/v2\/posts"}],"about":[{"href":"https:\/\/linitiative.ca\/International\/wp-json\/wp\/v2\/types\/post"}],"author":[{"embeddable":true,"href":"https:\/\/linitiative.ca\/International\/wp-json\/wp\/v2\/users\/1773"}],"replies":[{"embeddable":true,"href":"https:\/\/linitiative.ca\/International\/wp-json\/wp\/v2\/comments?post=86143"}],"version-history":[{"count":0,"href":"https:\/\/linitiative.ca\/International\/wp-json\/wp\/v2\/posts\/86143\/revisions"}],"wp:attachment":[{"href":"https:\/\/linitiative.ca\/International\/wp-json\/wp\/v2\/media?parent=86143"}],"wp:term":[{"taxonomy":"category","embeddable":true,"href":"https:\/\/linitiative.ca\/International\/wp-json\/wp\/v2\/categories?post=86143"},{"taxonomy":"post_tag","embeddable":true,"href":"https:\/\/linitiative.ca\/International\/wp-json\/wp\/v2\/tags?post=86143"}],"curies":[{"name":"wp","href":"https:\/\/api.w.org\/{rel}","templated":true}]}}