{"id":86144,"date":"2020-05-20T10:00:00","date_gmt":"2020-05-20T14:00:00","guid":{"rendered":"https:\/\/linitiative.ca\/International\/la-premier-league-dans-lexpectative\/"},"modified":"2020-05-20T10:00:00","modified_gmt":"2020-05-20T14:00:00","slug":"la-premier-league-dans-lexpectative","status":"publish","type":"post","link":"https:\/\/linitiative.ca\/International\/la-premier-league-dans-lexpectative\/","title":{"rendered":"La Premier League dans l&rsquo;expectative.."},"content":{"rendered":"<p class=\"MsoNormal c3\"><span class=\"c2\">La pand\u00e9mie du covid 19 continue de faire des ravages affectant toutess\u00a0les activit\u00e9s de la vie de l&rsquo;humanit\u00e9. Le domaine du sport et le football a \u00e9t\u00e9 lui aussi profond\u00e9ment\u00a0 touch\u00e9 par le propagation plan\u00e9taire de ce fl\u00e9au sans pr\u00e9c\u00e9dent dans l&rsquo;histoire\u00a0moderne de l&rsquo;humanit\u00e9. Frapp\u00e9 de plein fouet toutes les comp\u00e9tions\u00a0de part le monde ont \u00e9t\u00e9 interrompues pour la plupart vers la mi mars. Apr\u00e8s\u00a0une interruption qui a mis \u00e0 rude \u00e9preuve tous les clubs de la plan\u00e8te qui se sont vu confront\u00e9s \u00e0 une crise financi\u00e8re des\u00a0plus aig\u00fces\u00a0\u00e0\u00a0cause du tarissement de leurs revenus provenant principalement des recettes des stades, du sponsoring et des droits TV\u00a0 \u00a0d\u00fb affronter\u00a0de difficult\u00e9s financi\u00e8res. Ne voyant pas venir le bout du tunnel dans la crise du coronavirus, certains pays du vieux continent notamment le France, la Hollande et la Belgique ont \u00e9t\u00e9 amen\u00e9s \u00e0 annuler purement et simplement leurs championnats. Le dernier pays europ\u00e9en en date \u00e0 leur emboiter\u00a0le pas est l&rsquo;Ecosse qui vient de d\u00e9cider avant hier l&rsquo;annulation du championnat. Le Celtic Glascow\u00a0qui occupe la t\u00eate du classement avec un total de 80 points \u00e0 l&rsquo;issue de la 30\u00e8me, comptant 13 points d&rsquo;avance sur son grand\u00a0rival de toujours, les Rangers, a \u00e9t\u00e9 d\u00e9clar\u00e9 champion. Le Celtic remporte ainsi sont 9\u00e8me titre de champion d&rsquo;affil\u00e9e. Un record du genre!<\/span><\/p>\n<p class=\"MsoNormal c3\"><span class=\"c2\">\u00a0<\/span><\/p>\n<p class=\"MsoNormal c3\"><span class=\"c2\">\u00a0 \u00a0<strong>Un pr\u00e9lude de l&rsquo;annulation du Premier League?<\/strong><\/span><\/p>\n<p class=\"MsoNormal c3\"><span class=\"c2\">\u00a0<\/span><\/p>\n<p class=\"MsoNormal c3\"><span class=\"c2\">\u00a0L&rsquo;annulation du championnat \u00e9cossais risquerait de pr\u00e9cipiter celle du Premier League anglaise et ce malgr\u00e9 les grand enjeux financiers que cette comp\u00e9tition,l&rsquo;une des plus importantes d&rsquo;Europe, rev\u00eat. Pour le moment\u00a0c&rsquo;est l&rsquo;expectative la plus totale et la d\u00e9cision d&rsquo;une reprise ou de l&rsquo;annulation du\u00a0Premier League devrait \u00eatre prise dans les tout prochains jours. Notons, que selon les r\u00e8glement g\u00e9n\u00e9raux\u00a0 r\u00e9gissant le Premier League, celui-ci ne pourrait \u00eatre annul\u00e9 que lorsque quatorze clubs au moins sur les vingts qu&rsquo;il compte votent en faveur de cette d\u00e9cision.\u00a0 \u00a0 \u00a0\u00a0<\/span><\/p>\n<p class=\"MsoNormal c3\"><span class=\"c2\">\u00a0\u00a0<\/span><\/p>\n<p class=\"MsoNormal c3\"><span class=\"c2\">\u00a0 \u00a0 \u00a0 \u00a0 \u00a0 \u00a0 \u00a0 \u00a0 \u00a0 <strong>La Bundesliga, prend les devants<\/strong><\/span><\/p>\n<p class=\"MsoNormal c3\"><span class=\"c2\">\u00a0<\/span><\/p>\n<p class=\"MsoNormal c3\"><span class=\"c2\">A l&rsquo;heure qu&rsquo;il est, parmi les grands championnats d&rsquo;Europe, seule\u00a0la Bundesliga a pu reprendre lors du dernier week-end. Deux autres grandes comp\u00e9titions du continent, s&rsquo;agissant de la Liga espagnole et le Calcio italien devront reprendre \u00e0 leur tour du service, en principe vers le mi-juin. Les \u00e9quipes de ces deux championnats ont d&rsquo;ores et d\u00e9j\u00e0 entam\u00e9 sur la base d&rsquo;un strict\u00a0protocole pr\u00e9ventif les entra\u00eenements en pr\u00e9vision de cette \u00e9ch\u00e9ance tant attendue par les f\u00e9rus de la balle ronde de par le monde.<\/span><\/p>\n<p class=\"MsoNormal c3\"><span class=\"c4\">\u00a0<\/span><\/p>\n<p class=\"MsoNormal c3\"><span class=\"c4\">\u00a0<\/span><\/p>\n<p class=\"MsoNormal c5\"><span class=\"c4\">\u00a0 \u00a0 \u00a0 \u00a0 \u00a0 \u00a0 \u00a0 \u00a0 \u00a0 \u00a0 \u00a0 \u00a0 \u00a0 \u00a0 \u00a0 \u00a0 \u00a0 \u00a0 \u00a0 <strong>Ameur\u00a0KERKENNI\u00a0\u00a0<\/strong><\/span><\/p>\n<p>Auteur: letemps1<br \/>\n<a href=\"http:\/\/www.letemps.com.tn\/article\/114039\/la-premier-league-dans-lexpectative\">Cliquez ici pour lire l&rsquo;article depuis sa source.<\/a><\/p>\n","protected":false},"excerpt":{"rendered":"<p>La pand\u00e9mie du covid 19 continue de faire des ravages affectant toutess\u00a0les activit\u00e9s de la vie de l&rsquo;humanit\u00e9. Le domaine du sport et le football a \u00e9t\u00e9 lui aussi profond\u00e9ment\u00a0 touch\u00e9 par le propagation plan\u00e9taire de ce fl\u00e9au sans pr\u00e9c\u00e9dent dans l&rsquo;histoire\u00a0moderne de l&rsquo;humanit\u00e9. Frapp\u00e9 de plein fouet toutes les comp\u00e9tions\u00a0de part le monde ont [&hellip;]<\/p>\n","protected":false},"author":1773,"featured_media":0,"comment_status":"closed","ping_status":"closed","sticky":false,"template":"","format":"standard","meta":{"fifu_image_url":"","fifu_image_alt":"","footnotes":""},"categories":[73,55],"tags":[],"class_list":["post-86144","post","type-post","status-publish","format-standard","hentry","category-actualite","category-tunisie"],"_links":{"self":[{"href":"https:\/\/linitiative.ca\/International\/wp-json\/wp\/v2\/posts\/86144","targetHints":{"allow":["GET"]}}],"collection":[{"href":"https:\/\/linitiative.ca\/International\/wp-json\/wp\/v2\/posts"}],"about":[{"href":"https:\/\/linitiative.ca\/International\/wp-json\/wp\/v2\/types\/post"}],"author":[{"embeddable":true,"href":"https:\/\/linitiative.ca\/International\/wp-json\/wp\/v2\/users\/1773"}],"replies":[{"embeddable":true,"href":"https:\/\/linitiative.ca\/International\/wp-json\/wp\/v2\/comments?post=86144"}],"version-history":[{"count":0,"href":"https:\/\/linitiative.ca\/International\/wp-json\/wp\/v2\/posts\/86144\/revisions"}],"wp:attachment":[{"href":"https:\/\/linitiative.ca\/International\/wp-json\/wp\/v2\/media?parent=86144"}],"wp:term":[{"taxonomy":"category","embeddable":true,"href":"https:\/\/linitiative.ca\/International\/wp-json\/wp\/v2\/categories?post=86144"},{"taxonomy":"post_tag","embeddable":true,"href":"https:\/\/linitiative.ca\/International\/wp-json\/wp\/v2\/tags?post=86144"}],"curies":[{"name":"wp","href":"https:\/\/api.w.org\/{rel}","templated":true}]}}