{"id":86145,"date":"2020-05-20T10:00:00","date_gmt":"2020-05-20T14:00:00","guid":{"rendered":"https:\/\/linitiative.ca\/International\/la-suite-du-calendrier-arretee\/"},"modified":"2020-05-20T10:00:00","modified_gmt":"2020-05-20T14:00:00","slug":"la-suite-du-calendrier-arretee","status":"publish","type":"post","link":"https:\/\/linitiative.ca\/International\/la-suite-du-calendrier-arretee\/","title":{"rendered":"La suite  du calendrier , arr\u00eat\u00e9e"},"content":{"rendered":"<p class=\"c5\"><span class=\"c4\">Apr\u00e8s des h\u00e9sitations et des r\u00e9unions avec les responsables des clubs, la FTVB a communiqu\u00e9 le calendrier de la fin de la saison sportive 2019-2020 en\u00a0<strong><span class=\"c2\">Championnat<\/span><\/strong>\u00a0et en\u00a0<strong><span class=\"c3\">Coupe de Tunisie<\/span><\/strong>. Il sera comme suit\u00a0:<\/span><\/p>\n<p class=\"c5\"><strong><span class=\"c6\">Championnat :<\/span><\/strong><br \/><span class=\"c7\"><em>1\u00e8re journ\u00e9e retour : 9 septembre<br \/>2\u00e8me journ\u00e9e retour : 12 septembre<br \/>3\u00e8me journ\u00e9e retour : 16 septembre<br \/>4\u00e8me journ\u00e9e retour : 19 septembre<br \/>5\u00e8me journ\u00e9e retour : 23 septembre<\/em><\/span><\/p>\n<p class=\"c5\"><strong><span class=\"c6\">Coupe :<\/span><\/strong><br \/><span class=\"c7\"><em>Quarts de finale : 26 septembre<br \/>Demi-finales : 30 septembre<br \/>Finale : 03 octobre<\/em><\/span><\/p>\n<p class=\"c5\"><em><span class=\"c6\">Octobre\u00a0: D\u00e9marrage <span class=\"c8\">\u00a0<\/span>de la saison 2020\/2021<\/span><\/em><\/p>\n<p class=\"c5\"><span class=\"c4\">Un mois s\u00e9parera l\u2019actuel exercice et celui de 2020\/2021. Les clubs auront un peu moins de trente jours pour pr\u00e9parer la nouvelle saison. Le \u00ab\u00a0six\u00a0\u00bb national entamera la pr\u00e9paration du championnat arabe des nations juste apr\u00e8s la fin de cette saison. Ledit championnat qu\u2019organisera la FTVB se d\u00e9roulera en novembre \u00e0 une date que l\u2019UAVB aura \u00e0 communiquer dans les semaines \u00e0 venir.<\/span><\/p>\n<p class=\"c11\"><strong class=\"c10\"><span class=\"c9\">Mourad AYARI<\/span><\/strong><\/p>\n<p>Auteur: letemps1<br \/>\n<a href=\"http:\/\/www.letemps.com.tn\/article\/114040\/la-suite-du-calendrier-arr%C3%AAt%C3%A9e\">Cliquez ici pour lire l&rsquo;article depuis sa source.<\/a><\/p>\n","protected":false},"excerpt":{"rendered":"<p>Apr\u00e8s des h\u00e9sitations et des r\u00e9unions avec les responsables des clubs, la FTVB a communiqu\u00e9 le calendrier de la fin de la saison sportive 2019-2020 en\u00a0Championnat\u00a0et en\u00a0Coupe de Tunisie. Il sera comme suit\u00a0: Championnat :1\u00e8re journ\u00e9e retour : 9 septembre2\u00e8me journ\u00e9e retour : 12 septembre3\u00e8me journ\u00e9e retour : 16 septembre4\u00e8me journ\u00e9e retour : 19 septembre5\u00e8me [&hellip;]<\/p>\n","protected":false},"author":1773,"featured_media":0,"comment_status":"closed","ping_status":"closed","sticky":false,"template":"","format":"standard","meta":{"fifu_image_url":"","fifu_image_alt":"","footnotes":""},"categories":[73,55],"tags":[],"class_list":["post-86145","post","type-post","status-publish","format-standard","hentry","category-actualite","category-tunisie"],"_links":{"self":[{"href":"https:\/\/linitiative.ca\/International\/wp-json\/wp\/v2\/posts\/86145","targetHints":{"allow":["GET"]}}],"collection":[{"href":"https:\/\/linitiative.ca\/International\/wp-json\/wp\/v2\/posts"}],"about":[{"href":"https:\/\/linitiative.ca\/International\/wp-json\/wp\/v2\/types\/post"}],"author":[{"embeddable":true,"href":"https:\/\/linitiative.ca\/International\/wp-json\/wp\/v2\/users\/1773"}],"replies":[{"embeddable":true,"href":"https:\/\/linitiative.ca\/International\/wp-json\/wp\/v2\/comments?post=86145"}],"version-history":[{"count":0,"href":"https:\/\/linitiative.ca\/International\/wp-json\/wp\/v2\/posts\/86145\/revisions"}],"wp:attachment":[{"href":"https:\/\/linitiative.ca\/International\/wp-json\/wp\/v2\/media?parent=86145"}],"wp:term":[{"taxonomy":"category","embeddable":true,"href":"https:\/\/linitiative.ca\/International\/wp-json\/wp\/v2\/categories?post=86145"},{"taxonomy":"post_tag","embeddable":true,"href":"https:\/\/linitiative.ca\/International\/wp-json\/wp\/v2\/tags?post=86145"}],"curies":[{"name":"wp","href":"https:\/\/api.w.org\/{rel}","templated":true}]}}