{"id":86147,"date":"2020-05-20T15:13:20","date_gmt":"2020-05-20T19:13:20","guid":{"rendered":"https:\/\/linitiative.ca\/International\/pros-milan-ac-bennacer-aurait-pose-ses-conditions-pour-son-avenir\/"},"modified":"2020-05-20T15:13:20","modified_gmt":"2020-05-20T19:13:20","slug":"pros-milan-ac-bennacer-aurait-pose-ses-conditions-pour-son-avenir","status":"publish","type":"post","link":"https:\/\/linitiative.ca\/International\/pros-milan-ac-bennacer-aurait-pose-ses-conditions-pour-son-avenir\/","title":{"rendered":"Pros : Milan AC: Bennacer aurait pos\u00e9 ses conditions pour son avenir !"},"content":{"rendered":"<div readability=\"32\">\n<p>Auteur : <span class=\"time\">mercredi 20 mai 2020 13:10<\/span><\/p>\n<\/div>\n<div id=\"post_core\" readability=\"43\">\n<p>Manchester City aurait lanc\u00e9 les grandes manoeuvres pour devancer le PSG avec Isma\u00ebl Bennacer. De son c\u00f4t\u00e9, le milieu du Milan AC serait pr\u00eat \u00e0 retrouver l&rsquo;Angleterre sous certaines conditions. \u00a0D&rsquo;apr\u00e8s les indiscr\u00e9tions de Foot Mercato, Pep Guardiola serait \u00e9galement tomb\u00e9 sous le charme d&rsquo;Isma\u00ebl Bennacer. Alors qu&rsquo;il aurait d\u00e9j\u00e0 approch\u00e9 l&rsquo;entourage du joueur, le technicien de Manchester City aurait de bonnes chances de rafler la mise. En effet, Isma\u00ebl Bennacer, qui a \u00e9volu\u00e9 \u00e0 Arsenal, serait ouvert \u00e0 un retour en Angleterre. Toutefois, le milieu du Milan AC n&rsquo;aurait pas l&rsquo;intention de retrouver la Premier League dans n&rsquo;importe quelles conditions. A en croire le m\u00e9dia fran\u00e7ais, Isma\u00ebl Bennacer voudrait disputer une comp\u00e9tition europ\u00e9enne et qu&rsquo;on lui garantisse du temps de jeu pour continuer \u00e0 progresser. Reste \u00e0 savoir si les Citizens de Pep Guardiola pourront r\u00e9pondre \u00e0 ses attentes rapporte Le 10 Sport.<\/p>\n<p><strong>Publi\u00e9 dans :<\/strong> <span>BENNACER<\/span><\/p>\n<\/div>\n<p>Auteur:<br \/>\n<a href=\"http:\/\/www.lebuteur.com\/article\/detail?titre=milan-ac-bennacer-aurait-pose-ses-conditions-pour-son-avenir&#038;id=95999&#038;utm_source=feedburner&#038;utm_medium=feed&#038;utm_campaign=Feed%3A+GalerieFArtciles+%28Les+derniers+articles++-+lebuteur.com%29\">Cliquez ici pour lire l&rsquo;article depuis sa source.<\/a><\/p>\n","protected":false},"excerpt":{"rendered":"<p>Auteur : mercredi 20 mai 2020 13:10 Manchester City aurait lanc\u00e9 les grandes manoeuvres pour devancer le PSG avec Isma\u00ebl Bennacer. De son c\u00f4t\u00e9, le milieu du Milan AC serait pr\u00eat \u00e0 retrouver l&rsquo;Angleterre sous certaines conditions. \u00a0D&rsquo;apr\u00e8s les indiscr\u00e9tions de Foot Mercato, Pep Guardiola serait \u00e9galement tomb\u00e9 sous le charme d&rsquo;Isma\u00ebl Bennacer. Alors qu&rsquo;il [&hellip;]<\/p>\n","protected":false},"author":1738,"featured_media":86148,"comment_status":"closed","ping_status":"closed","sticky":false,"template":"","format":"standard","meta":{"fifu_image_url":"","fifu_image_alt":"","footnotes":""},"categories":[53,75],"tags":[],"class_list":["post-86147","post","type-post","status-publish","format-standard","has-post-thumbnail","hentry","category-algerie","category-sport"],"_links":{"self":[{"href":"https:\/\/linitiative.ca\/International\/wp-json\/wp\/v2\/posts\/86147","targetHints":{"allow":["GET"]}}],"collection":[{"href":"https:\/\/linitiative.ca\/International\/wp-json\/wp\/v2\/posts"}],"about":[{"href":"https:\/\/linitiative.ca\/International\/wp-json\/wp\/v2\/types\/post"}],"author":[{"embeddable":true,"href":"https:\/\/linitiative.ca\/International\/wp-json\/wp\/v2\/users\/1738"}],"replies":[{"embeddable":true,"href":"https:\/\/linitiative.ca\/International\/wp-json\/wp\/v2\/comments?post=86147"}],"version-history":[{"count":0,"href":"https:\/\/linitiative.ca\/International\/wp-json\/wp\/v2\/posts\/86147\/revisions"}],"wp:featuredmedia":[{"embeddable":true,"href":"https:\/\/linitiative.ca\/International\/wp-json\/"}],"wp:attachment":[{"href":"https:\/\/linitiative.ca\/International\/wp-json\/wp\/v2\/media?parent=86147"}],"wp:term":[{"taxonomy":"category","embeddable":true,"href":"https:\/\/linitiative.ca\/International\/wp-json\/wp\/v2\/categories?post=86147"},{"taxonomy":"post_tag","embeddable":true,"href":"https:\/\/linitiative.ca\/International\/wp-json\/wp\/v2\/tags?post=86147"}],"curies":[{"name":"wp","href":"https:\/\/api.w.org\/{rel}","templated":true}]}}