{"id":86149,"date":"2020-05-20T15:13:23","date_gmt":"2020-05-20T19:13:23","guid":{"rendered":"https:\/\/linitiative.ca\/International\/equipe-dalgerie-la-faf-decroche-cinq-nouveaux-membres-au-sein-des-commissions-permanentes-de-la-caf\/"},"modified":"2020-05-20T15:13:23","modified_gmt":"2020-05-20T19:13:23","slug":"equipe-dalgerie-la-faf-decroche-cinq-nouveaux-membres-au-sein-des-commissions-permanentes-de-la-caf","status":"publish","type":"post","link":"https:\/\/linitiative.ca\/International\/equipe-dalgerie-la-faf-decroche-cinq-nouveaux-membres-au-sein-des-commissions-permanentes-de-la-caf\/","title":{"rendered":"Equipe d&rsquo;Alg\u00e9rie : La FAF d\u00e9croche cinq nouveaux membres au sein des commissions permanentes de la CAF"},"content":{"rendered":"<div readability=\"32\">\n<p>Auteur : <span>Riad O.<\/span> <span class=\"time\">mercredi 20 mai 2020 14:18<\/span><\/p>\n<\/div>\n<div id=\"post_core\" readability=\"42\">\n<p>La FAF a indiqu\u00e9 aujourd\u2019hui avoir d\u00e9croch\u00e9 cinq nouveaux membres au sein des commissions permanentes de la CAF. \u00a0Il s\u2019agit du pr\u00e9sident de la LFP, Abdelkrim Medouar, du secr\u00e9taire g\u00e9n\u00e9ral de la FAF, Mohamed Saad, du directeur technique national, Chafik Ameur, et deux autres membres du BF en l\u2019occurrence Amar Bahloul et Larbi Oumamar\u00a0:\u00a0\u00abCommission d\u2019organisation de la coupe d\u2019Afrique des nations : Kheireddine Zetchi. Commission d\u2019organisation des comp\u00e9titions inter-clubs et de la gestion du syst\u00e8me de l\u2019octroi des licences de clubs: Abdelkrim Medouar. Commission d\u2019organisation des coupes d\u2019Afrique des nations jeunes U17, U20 et U23 : Mohamed Saad. Commission technique et de d\u00e9veloppement: Ameur Chafik. Commission des affaires juridiques et des associations nationales: Amar Bahloul. Commission m\u00e9dicale: Abdelmadjid Yacine Zerguini. Jury d\u2019appel: Larbi Oummamar.\u00bb lit-on sur le site de la FAF.<\/p>\n<p><strong>Publi\u00e9 dans :<\/strong> <span>caf<\/span> <span>faf<\/span><\/p>\n<\/div>\n<p>Auteur:<br \/>\n<a href=\"http:\/\/www.lebuteur.com\/article\/detail?titre=la-faf-decroche-cinq-nouveaux-membres-au-sein-des-commissions-permanentes-de-la-caf&#038;id=96000&#038;utm_source=feedburner&#038;utm_medium=feed&#038;utm_campaign=Feed%3A+GalerieFArtciles+%28Les+derniers+articles++-+lebuteur.com%29\">Cliquez ici pour lire l&rsquo;article depuis sa source.<\/a><\/p>\n","protected":false},"excerpt":{"rendered":"<p>Auteur : Riad O. mercredi 20 mai 2020 14:18 La FAF a indiqu\u00e9 aujourd\u2019hui avoir d\u00e9croch\u00e9 cinq nouveaux membres au sein des commissions permanentes de la CAF. \u00a0Il s\u2019agit du pr\u00e9sident de la LFP, Abdelkrim Medouar, du secr\u00e9taire g\u00e9n\u00e9ral de la FAF, Mohamed Saad, du directeur technique national, Chafik Ameur, et deux autres membres du [&hellip;]<\/p>\n","protected":false},"author":1738,"featured_media":86150,"comment_status":"closed","ping_status":"closed","sticky":false,"template":"","format":"standard","meta":{"fifu_image_url":"","fifu_image_alt":"","footnotes":""},"categories":[53,75],"tags":[],"class_list":["post-86149","post","type-post","status-publish","format-standard","has-post-thumbnail","hentry","category-algerie","category-sport"],"_links":{"self":[{"href":"https:\/\/linitiative.ca\/International\/wp-json\/wp\/v2\/posts\/86149","targetHints":{"allow":["GET"]}}],"collection":[{"href":"https:\/\/linitiative.ca\/International\/wp-json\/wp\/v2\/posts"}],"about":[{"href":"https:\/\/linitiative.ca\/International\/wp-json\/wp\/v2\/types\/post"}],"author":[{"embeddable":true,"href":"https:\/\/linitiative.ca\/International\/wp-json\/wp\/v2\/users\/1738"}],"replies":[{"embeddable":true,"href":"https:\/\/linitiative.ca\/International\/wp-json\/wp\/v2\/comments?post=86149"}],"version-history":[{"count":0,"href":"https:\/\/linitiative.ca\/International\/wp-json\/wp\/v2\/posts\/86149\/revisions"}],"wp:featuredmedia":[{"embeddable":true,"href":"https:\/\/linitiative.ca\/International\/wp-json\/"}],"wp:attachment":[{"href":"https:\/\/linitiative.ca\/International\/wp-json\/wp\/v2\/media?parent=86149"}],"wp:term":[{"taxonomy":"category","embeddable":true,"href":"https:\/\/linitiative.ca\/International\/wp-json\/wp\/v2\/categories?post=86149"},{"taxonomy":"post_tag","embeddable":true,"href":"https:\/\/linitiative.ca\/International\/wp-json\/wp\/v2\/tags?post=86149"}],"curies":[{"name":"wp","href":"https:\/\/api.w.org\/{rel}","templated":true}]}}