{"id":86153,"date":"2020-05-20T15:13:28","date_gmt":"2020-05-20T19:13:28","guid":{"rendered":"https:\/\/linitiative.ca\/International\/divers-covid-19-le-port-du-masque-obligatoire-a-partir-du-1er-jour-de-laid-el-fitr\/"},"modified":"2020-05-20T15:13:28","modified_gmt":"2020-05-20T19:13:28","slug":"divers-covid-19-le-port-du-masque-obligatoire-a-partir-du-1er-jour-de-laid-el-fitr","status":"publish","type":"post","link":"https:\/\/linitiative.ca\/International\/divers-covid-19-le-port-du-masque-obligatoire-a-partir-du-1er-jour-de-laid-el-fitr\/","title":{"rendered":"Divers : Covid-19: le port du masque obligatoire \u00e0 partir du 1er jour de l&rsquo;A\u00efd El-Fitr"},"content":{"rendered":"<div readability=\"32\">\n<p>Auteur : <span>APS<\/span> <span class=\"time\">mercredi 20 mai 2020 18:40<\/span><\/p>\n<\/div>\n<div id=\"post_core\" readability=\"95\">\n<p>Le gouvernement a d\u00e9cid\u00e9 de rendre \u00ab\u00a0strictement obligatoire\u00a0\u00bb le port des masques dans l&rsquo;espace public \u00e0 partir du premier jour de l&rsquo;A\u00efd El-Fitr, afin de mieux juguler la propagation du Coronavirus (Covid-19) durant cette p\u00e9riode tr\u00e8s favorable aux regroupements, aux d\u00e9placements et aux contacts directs. Lors de son dernier Conseil, le gouvernement a d\u00e9cid\u00e9 que \u00ab\u00a0le port du masque est une obligation stricte, et enfreindre cette obligation imp\u00e9rative exposerait les contrevenants \u00e0 des sanctions l\u00e9gales\u00a0\u00bb. \u00ab\u00a0L&rsquo;entr\u00e9e dans les espaces et autres lieux publics tels que les march\u00e9s couverts, les souks, les cimeti\u00e8res, les parkings et les magasins, etc&#8230; est formellement interdite sans port de masque et respect de la distanciation physique\u00a0\u00bb, a-t-on pr\u00e9cis\u00e9. Le gouvernement affirme que ces maques seront disponibles \u00e0 \u00ab\u00a0grande \u00e9chelle\u00a0\u00bb et leur distribution aux citoyens sera assur\u00e9e \u00e0 travers les structures, comit\u00e9s et associations de la soci\u00e9t\u00e9 civile. Le gouvernement \u00ab\u00a0compte beaucoup sur la vigilance, la conscience et la solidarit\u00e9 de la population en cette phase de mobilisation citoyenne contre l&rsquo;expansion du Coronavirus\u00a0\u00bb.<\/p>\n<p>Voici les recommandations du comit\u00e9 scientifique de suivi de la pand\u00e9mie de coronavirus (Covid-19) concernant le masque, dont le port a \u00e9t\u00e9 rendu obligatoire dans l&rsquo;espace public d\u00e8s la f\u00eate de l&rsquo;A\u00efd El-Fitr.<\/p>\n<p><u><strong>Le masque protecteur \u00ab\u00a0grand public\u00a0\u00bb doit \u00eatre :<\/strong><\/u><\/p>\n<p>&#8211; obligatoire dans l&rsquo;espace public en tant que partie int\u00e9grante des mesures barri\u00e8res et de distanciation physique.<\/p>\n<p>&#8211; doit \u00eatre con\u00e7u pour \u00eatre r\u00e9utilisable.<\/p>\n<p><u><strong>Recommandations pour la confection:<\/strong><\/u><\/p>\n<p>&#8211; Utiliser un tissu souple, lisse, \u00e0 petites mailles pour faciliter le port du masque et assurer l\u2019\u00e9tanch\u00e9it\u00e9.<\/p>\n<p>&#8211; S&rsquo;assurer que la taille du masque couvre le nez, la bouche et le menton.<\/p>\n<p>&#8211; Utiliser un tissu lavable pour en permettre la r\u00e9utilisation.<\/p>\n<p>&#8211; Confectionner le masque avec 2 ou 3 couches.<\/p>\n<p>&#8211; Ne pas utiliser de tissu irritant pour ne pas incommoder le porteur du masque.<\/p>\n<p><u><strong>Recommandations pour l&rsquo;utilisation:<\/strong><\/u><\/p>\n<p>&#8211; Se laver les mains avant de le mettre et apr\u00e8s l&rsquo;avoir enlev\u00e9.<\/p>\n<p>&#8211; Mettre le masque de fa\u00e7on \u00e0 recouvrir le nez, la bouche et le menton.<\/p>\n<p>&#8211; Ne pas toucher le masque, une fois qu&rsquo;il est port\u00e9.<\/p>\n<p>&#8211; Ne pas partager avec les autres.<\/p>\n<p>&#8211; Changer le masque chaque fois qu&rsquo;il est humide ou souill\u00e9.<\/p>\n<p>&#8211; Enlever le masque par les \u00e9lastiques.<\/p>\n<p>&#8211; Changer le masque au bout de 4 heures.<\/p>\n<p>&#8211; Proc\u00e9der au lavage du masque utilis\u00e9 dans de l&rsquo;eau \u00e0 une temp\u00e9rature de 60 degr\u00e9s pendant 30mn avec une lessive habituelle puis au s\u00e9chage.<\/p>\n<p><strong>Publi\u00e9 dans :<\/strong> <span>Covid-19<\/span><\/p>\n<\/div>\n<p>Auteur:<br \/>\n<a href=\"http:\/\/www.lebuteur.com\/article\/detail?titre=covid-19-le-port-du-masque-obligatoire-a-partir-du-1er-jour-de-laid-el-fitr&#038;id=96003&#038;utm_source=feedburner&#038;utm_medium=feed&#038;utm_campaign=Feed%3A+GalerieFArtciles+%28Les+derniers+articles++-+lebuteur.com%29\">Cliquez ici pour lire l&rsquo;article depuis sa source.<\/a><\/p>\n","protected":false},"excerpt":{"rendered":"<p>Auteur : APS mercredi 20 mai 2020 18:40 Le gouvernement a d\u00e9cid\u00e9 de rendre \u00ab\u00a0strictement obligatoire\u00a0\u00bb le port des masques dans l&rsquo;espace public \u00e0 partir du premier jour de l&rsquo;A\u00efd El-Fitr, afin de mieux juguler la propagation du Coronavirus (Covid-19) durant cette p\u00e9riode tr\u00e8s favorable aux regroupements, aux d\u00e9placements et aux contacts directs. Lors de [&hellip;]<\/p>\n","protected":false},"author":1738,"featured_media":86154,"comment_status":"closed","ping_status":"closed","sticky":false,"template":"","format":"standard","meta":{"fifu_image_url":"","fifu_image_alt":"","footnotes":""},"categories":[53,75],"tags":[],"class_list":["post-86153","post","type-post","status-publish","format-standard","has-post-thumbnail","hentry","category-algerie","category-sport"],"_links":{"self":[{"href":"https:\/\/linitiative.ca\/International\/wp-json\/wp\/v2\/posts\/86153","targetHints":{"allow":["GET"]}}],"collection":[{"href":"https:\/\/linitiative.ca\/International\/wp-json\/wp\/v2\/posts"}],"about":[{"href":"https:\/\/linitiative.ca\/International\/wp-json\/wp\/v2\/types\/post"}],"author":[{"embeddable":true,"href":"https:\/\/linitiative.ca\/International\/wp-json\/wp\/v2\/users\/1738"}],"replies":[{"embeddable":true,"href":"https:\/\/linitiative.ca\/International\/wp-json\/wp\/v2\/comments?post=86153"}],"version-history":[{"count":0,"href":"https:\/\/linitiative.ca\/International\/wp-json\/wp\/v2\/posts\/86153\/revisions"}],"wp:featuredmedia":[{"embeddable":true,"href":"https:\/\/linitiative.ca\/International\/wp-json\/"}],"wp:attachment":[{"href":"https:\/\/linitiative.ca\/International\/wp-json\/wp\/v2\/media?parent=86153"}],"wp:term":[{"taxonomy":"category","embeddable":true,"href":"https:\/\/linitiative.ca\/International\/wp-json\/wp\/v2\/categories?post=86153"},{"taxonomy":"post_tag","embeddable":true,"href":"https:\/\/linitiative.ca\/International\/wp-json\/wp\/v2\/tags?post=86153"}],"curies":[{"name":"wp","href":"https:\/\/api.w.org\/{rel}","templated":true}]}}