{"id":86182,"date":"2020-05-20T10:06:00","date_gmt":"2020-05-20T14:06:00","guid":{"rendered":"https:\/\/linitiative.ca\/International\/le-fonds-de-la-zakat-du-kram-le-fonds-de-la-discorde-album-photos\/"},"modified":"2020-05-20T10:06:00","modified_gmt":"2020-05-20T14:06:00","slug":"le-fonds-de-la-zakat-du-kram-le-fonds-de-la-discorde-album-photos","status":"publish","type":"post","link":"https:\/\/linitiative.ca\/International\/le-fonds-de-la-zakat-du-kram-le-fonds-de-la-discorde-album-photos\/","title":{"rendered":"Le fonds de la Zakat du Kram : le fonds de la discorde (Album photos)"},"content":{"rendered":"<p>Comme si on manquait en Tunisie de sujets de controverses clivantes sur fond religieux\u00a0! Jamais \u00e0 court d\u2019id\u00e9e pour semer la discorde et imposer sa nouvelle id\u00e9ologie \u00e0 consonance islamiste extr\u00e9miste, le maire du Kram (banlieue nord de Tunis), Me Fathi Layouni, reconverti pro Ennahdha a affront\u00e9 tous en imposant la cr\u00e9ation d\u2019office de ce qu\u2019il a appel\u00e9 \u00ab\u00a0Fonds de Zakat\u00a0\u00bb. Selon quelle loi en vigueur\u00a0? Avec quelles gouvernance, transparence et r\u00e8gles de gestion? Silence radio \u00e0 la Kasbah.<\/p>\n<p>Certains l\u2019oublient, l\u2019Union Tunisienne de Solidarit\u00e9 Sociale \u00ab\u00a0UTSS\u00a0\u00bb (organisation non gouvernementale tunisienne) assure \u00ab<a href=\"http:\/\/www.utss.org.tn\/propos\" target=\"_blank\" rel=\"noopener noreferrer\">\u00a0la collecte des ressources de la Zakat (Aum\u00f4ne) dans un fonds sp\u00e9cial<\/a> pour la d\u00e9penser suivant les prescriptions religieuses\u00a0\u00bb.\u00a0Aussi, si chacun peut faire legs et dons \u00e0 qui il veut, la <strong><span class=\"c3\">collecte organis\u00e9e<\/span><\/strong> des dons est soumise \u00e0 autorisation expresse du chef du gouvernement, pouvoir d\u00e9l\u00e9gu\u00e9 aux gouverneurs. Aussi, le nouveau code des collectivit\u00e9s locales autorise les municipalit\u00e9s \u00e0 enrichir leurs ressources financi\u00e8res par des contributions financi\u00e8res, mais il y institue des r\u00e8gles pr\u00e9cises. Ouvrir la voie \u00e0 des collectes labellis\u00e9es Halel, sous forme de zakat (pr\u00e9lever l\u2019aum\u00f4ne), \u00e0 emploi strictement r\u00e9serv\u00e9 \u00e0 huit destinations exclusives, \u00e9ligibles uniquement \u00e0 \u00ab\u00a0des musulmans assidument pratiquants\u00a0\u00bb, est source d\u2019abus discriminant.<\/p>\n<h2>La base de calcul<\/h2>\n<p>La prescription religieuse est pr\u00e9cise \u00ab\u00a0Pr\u00e9l\u00e8ve une aum\u00f4ne sur leurs biens pour les purifier et les rendre sans tache.\u00a0\u00bb (Le Coran\u00a0&#8211; II, 110). Les ex\u00e9g\u00e8tes ajoutent qu\u2019il s\u2019agit de \u00ab\u00a0purifier le croyant de son \u00e9ventuelle attirance malsaine pour les biens, limiter l\u2019avarice et la convoitise.\u00a0\u00bb. Zakat Al Mal, impos\u00e9e de fa\u00e7on annuelle porte sur :<\/p>\n<p>\u2022\u00a0\u00a0\u00a0 Les ressources financi\u00e8res au-del\u00e0 de 85g d\u2019or et de 595g d&rsquo;argent,<br \/>\u2022\u00a0\u00a0\u00a0 Le b\u00e9tail,<br \/>\u2022\u00a0\u00a0\u00a0 Les marchandises,<br \/>\u2022\u00a0\u00a0\u00a0 Fruits, l\u00e9gumes, c\u00e9r\u00e9ales et autres ressources extraites du sol,<\/p>\n<p>La valeur de la Zakat \u00e0 pr\u00e9lever est de 2,5 % du chiffre annuel \u00e9pargn\u00e9.<\/p>\n<h2>Huit emplois exclusif et discriminants<\/h2>\n<p>Les adeptes d\u2019Ibn Taymia adoptent les huit emplois b\u00e9n\u00e9ficiaires de l\u2019aum\u00f4ne au titre de la Zakat \u00e0 savoir\u00a0:<br \/>1 \u2013 Les indigents\u00a0: Ils sont plus dans le besoin que les pauvres,\u00a0<br \/>2 \u2013 Les pauvres : Leur condition est meilleure que celle des indigents,<br \/>3 &#8211; Ceux qui travaillent \u00e0 la percevoir : Ils sont ceux qui la collectent, la prot\u00e8gent et la distribuent<br \/>4 &#8211; Ceux dont on veut rapprocher les c\u0153urs : ils sont de deux types : m\u00e9cr\u00e9ants et musulmans. On peut donner la Zakat au m\u00e9cr\u00e9ant si on esp\u00e8re sa conversion \u00e0 l\u2019islam et au musulman, pour renforcer sa foi<br \/>5 &#8211; Pour affranchir (les esclaves) : Ils sont ceux qui sont faits prisonniers et qui ne trouvent pas de quoi se faire lib\u00e9rer<br \/>6 &#8211; Ceux qui sont lourdement endett\u00e9s : ils sont de deux types : Celui qui est endett\u00e9 pour d\u2019autres, et celui qui est endett\u00e9 pour lui-m\u00eame,<br \/>7 &#8211; Dans le sentier d\u2019Allah : C&rsquo;est-\u00e0-dire donner \u00e0 ceux qui sont partis combattre et qui ne per\u00e7oivent pas de salaire (du gouverneur)<br \/>8 &#8211; Le voyageur (dans le besoin) : Jusqu\u2019\u00e0 son retour chez-lui.<\/p>\n<p>Est-ce universel, \u00e9quitable pour tous, dans un \u00c9tat civil\u00a0?<\/p>\n<h2>Sc\u00e9narisation pouss\u00e9e et casting soign\u00e9<\/h2>\n<p><span class=\"c3\"><strong>Pour lancer en marketing-spectacle son fonds et inaugurer son nouveau si\u00e8ge, le maire du Kram a sorti l\u2019artillerie lourde.\u00a0<\/strong><\/span>Le moment est bien choisi en timing le plus opportun qu\u2019est la veille de la Nuit du Destin, \u00e0 quelques jours de l\u2019A\u00efd Al Fitr et de l\u2019acquittement de la Zakat Al Fitr dont le montant est fix\u00e9 par le Mufti, cette ann\u00e9e \u00e0 la somme de 1,750 D. Sous les cam\u00e9ras des t\u00e9l\u00e9visions tunisiennes et \u00e9trang\u00e8res (Al Jazeera, de service), on trouve en t\u00eate d\u2019affiche de ce casting soigneusement concoct\u00e9, l\u2019ancien haut dirigeant d\u2019Ennahdha et son premier chef de gouvernement sous la Tro\u00efka (2011 \u2013 2013), Hamadi Jebali, en ic\u00f4ne, l\u2019ancien ministre des Finances de la Tro\u00efka, Slim Besbes, et une ribambelle de figures marqu\u00e9es, entre enturbann\u00e9s et barbus de service, et d\u2019in\u00e9vitables jeunes filles et des femmes voil\u00e9e.<\/p>\n<p class=\"c2\"><img loading=\"lazy\" decoding=\"async\" src=\"\/uploads\/FCK_files\/Adel-Almi.jpg\" alt=\"\" width=\"700\" vspace=\"5\" hspace=\"5\" height=\"484\" align=\"middle\"\/><\/p>\n<p class=\"c2\"><img loading=\"lazy\" decoding=\"async\" src=\"\/uploads\/FCK_files\/Zakat-Couffin(1).jpg\" alt=\"\" width=\"700\" vspace=\"5\" hspace=\"5\" height=\"467\" align=\"middle\"\/><\/p>\n<p>Un diplomate iranien a \u00e9galement r\u00e9pondu \u00e0 l&rsquo;invitation.<\/p>\n<p><img loading=\"lazy\" decoding=\"async\" src=\"\/uploads\/FCK_files\/Consul-Ge\u0301ne\u0301ral-d'Iran.jpg\" alt=\"\" width=\"700\" vspace=\"5\" hspace=\"5\" height=\"467\" align=\"middle\"\/><\/p>\n<p class=\"c2\"><img loading=\"lazy\" decoding=\"async\" src=\"\/uploads\/FCK_files\/Zakat-Couffin.jpg\" alt=\"\" width=\"700\" vspace=\"5\" hspace=\"5\" height=\"467\" align=\"middle\"\/><\/p>\n<p>A l\u2019appui, une \u00e9mergente \u00ab\u00a0Coordination nationale de la d\u00e9fense du Coran, de la Constitution et du d\u00e9veloppement \u00e9quitable) dont on ignore le statut l\u00e9gal, et un ouvrage r\u00e9dig\u00e9 par le maire lui-m\u00eame intitul\u00e9 \u00ab\u00a0Le Fonds Zakat dans les municipalit\u00e9s\u00a0: Une volont\u00e9 locale pour activer une obligation chara\u00efque\u00a0\u00bb. Pour y mettre de la couleur\u00a0et se mettre \u00e0 l\u2019air du temps Covid-19 : distribution de bavettes bariol\u00e9es\u2026Tous les ingr\u00e9dients sont ainsi r\u00e9unis pour cr\u00e9er du spectacle s\u00e9duisant les m\u00e9dias et faire monter la sauce.<img loading=\"lazy\" decoding=\"async\" src=\"\/uploads\/FCK_files\/Federation.jpg\" alt=\"\" width=\"700\" vspace=\"5\" hspace=\"5\" height=\"467\" align=\"middle\"\/><\/p>\n<p><span class=\"c3\"><strong>Protestations, indignations et d\u00e9nonciations ont fus\u00e9 de partout parmi les Tunisiens attach\u00e9s au caract\u00e8re civil de l\u2019\u00c9tat<\/strong><\/span> et au respect de la loi. Des musulmans qui affichent publiquement leur pi\u00e9t\u00e9 n\u2019ont pas manqu\u00e9 de se joindre \u00e0 ces protestations, clamant l\u2019imp\u00e9ratif de consolider la coh\u00e9sion nationale et la n\u00e9cessit\u00e9 de pr\u00e9server l\u2019unit\u00e9 des rangs, sans le moindre clivage. Mais, face \u00e0 ce mouvement qui gagne en ampleur, le gouvernement Fakhfakh se mure dans un silence affligeant.<\/p>\n<p><span class=\"c3\"><strong>Question tranchante, pour un chef de gouvernement qui ne veut pas trancher,<\/strong><\/span> fuyant ses responsabilit\u00e9s et plus soucieux qu\u2019il est de m\u00e9nager ses co-\u00e9quipiers islamistes\u2026<\/p>\n<p>Auteur:<br \/>\n<a href=\"https:\/\/www.leaders.com.tn\/article\/29966-le-fonds-de-la-zakat-du-kram-le-fonds-de-la-discorde-album-photos\">Cliquez ici pour lire l&rsquo;article depuis sa source.<\/a><\/p>\n","protected":false},"excerpt":{"rendered":"<p>Comme si on manquait en Tunisie de sujets de controverses clivantes sur fond religieux\u00a0! Jamais \u00e0 court d\u2019id\u00e9e pour semer la discorde et imposer sa nouvelle id\u00e9ologie \u00e0 consonance islamiste extr\u00e9miste, le maire du Kram (banlieue nord de Tunis), Me Fathi Layouni, reconverti pro Ennahdha a affront\u00e9 tous en imposant la cr\u00e9ation d\u2019office de ce [&hellip;]<\/p>\n","protected":false},"author":1772,"featured_media":86183,"comment_status":"closed","ping_status":"closed","sticky":false,"template":"","format":"standard","meta":{"fifu_image_url":"","fifu_image_alt":"","footnotes":""},"categories":[73,55],"tags":[],"class_list":["post-86182","post","type-post","status-publish","format-standard","has-post-thumbnail","hentry","category-actualite","category-tunisie"],"_links":{"self":[{"href":"https:\/\/linitiative.ca\/International\/wp-json\/wp\/v2\/posts\/86182","targetHints":{"allow":["GET"]}}],"collection":[{"href":"https:\/\/linitiative.ca\/International\/wp-json\/wp\/v2\/posts"}],"about":[{"href":"https:\/\/linitiative.ca\/International\/wp-json\/wp\/v2\/types\/post"}],"author":[{"embeddable":true,"href":"https:\/\/linitiative.ca\/International\/wp-json\/wp\/v2\/users\/1772"}],"replies":[{"embeddable":true,"href":"https:\/\/linitiative.ca\/International\/wp-json\/wp\/v2\/comments?post=86182"}],"version-history":[{"count":0,"href":"https:\/\/linitiative.ca\/International\/wp-json\/wp\/v2\/posts\/86182\/revisions"}],"wp:featuredmedia":[{"embeddable":true,"href":"https:\/\/linitiative.ca\/International\/wp-json\/"}],"wp:attachment":[{"href":"https:\/\/linitiative.ca\/International\/wp-json\/wp\/v2\/media?parent=86182"}],"wp:term":[{"taxonomy":"category","embeddable":true,"href":"https:\/\/linitiative.ca\/International\/wp-json\/wp\/v2\/categories?post=86182"},{"taxonomy":"post_tag","embeddable":true,"href":"https:\/\/linitiative.ca\/International\/wp-json\/wp\/v2\/tags?post=86182"}],"curies":[{"name":"wp","href":"https:\/\/api.w.org\/{rel}","templated":true}]}}