{"id":86193,"date":"2020-05-20T13:08:30","date_gmt":"2020-05-20T17:08:30","guid":{"rendered":"https:\/\/linitiative.ca\/International\/coronavirus-le-pps-appelle-le-gouvernement-a-garantir-les-conditions-necessaires-pour-un-deconfinement-reussi\/"},"modified":"2020-05-20T13:08:30","modified_gmt":"2020-05-20T17:08:30","slug":"coronavirus-le-pps-appelle-le-gouvernement-a-garantir-les-conditions-necessaires-pour-un-deconfinement-reussi","status":"publish","type":"post","link":"https:\/\/linitiative.ca\/International\/coronavirus-le-pps-appelle-le-gouvernement-a-garantir-les-conditions-necessaires-pour-un-deconfinement-reussi\/","title":{"rendered":"Coronavirus: le PPS appelle le gouvernement \u00e0 garantir les conditions n\u00e9cessaires pour un d\u00e9confinement r\u00e9ussi"},"content":{"rendered":"<p><strong>Le bureau politique du Parti du Progr\u00e8s et du Socialisme a tenu sa r\u00e9union hebdomadaire, mardi 19 mai 2020. Voici les points cl\u00e9s de cette rencontre.<\/strong><\/p>\n<div class=\"c10\"\/>\n<p>Le bureau a ainsi exhort\u00e9 les citoyens et citoyennes \u00e0 respecter le confinement et a demand\u00e9 au <strong>gouvernement<\/strong> de prendre en charge les centaines de milliers de familles qui n\u2019ont pas b\u00e9n\u00e9fici\u00e9 de l\u2019appui financier. Voici l\u2019int\u00e9gralit\u00e9 des points cl\u00e9s de cette r\u00e9union\u00a0:<\/p>\n<p>\u2013 Le bureau consid\u00e8re, tout en comprenant les grandes difficult\u00e9s auxquelles sont confront\u00e9s les citoyennes et citoyens du fait des contraintes du confinement, en particulier ceux des petits m\u00e9tiers, les temporaires, les petits commer\u00e7ants et agriculteurs, les artisans et autres composantes des couches les plus d\u00e9favoris\u00e9es, qu\u2019il convient, malgr\u00e9 tout, de supporter et de respecter la d\u00e9cision de <strong>prolongation<\/strong> de l\u2019Etat d\u2019urgence sanitaire jusqu\u2019au 10 juin prochain, \u00e9tant donn\u00e9 que cela constitue la meilleure voie pour que notre pays puisse vaincre d\u00e9finitivement cette pand\u00e9mie.<\/p>\n<p>\u2013 Il r\u00e9it\u00e8re la n\u00e9cessit\u00e9 pour le gouvernement d\u2019accorder l\u2019appui financier direct aux centaines de milliers de familles qui n\u2019en ont pas b\u00e9n\u00e9fici\u00e9 jusqu\u2019\u00e0 pr\u00e9sent, notamment dans la p\u00e9riph\u00e9rie des villes, dans les quartiers populaires et, principalement, dans le monde rural o\u00f9 les souffrances sont doubles du fait des cons\u00e9quences et de la <strong>pand\u00e9mie<\/strong> et des effets de la s\u00e9cheresse. C\u2019est l\u2019occasion \u00e9galement de demander au gouvernement de prendre les mesures efficientes pour assurer l\u2019eau potable et l\u2019eau d\u2019irrigation \u00e0 toutes les r\u00e9gions du pays.<\/p>\n<p>Lire aussi: <a href=\"https:\/\/www.challenge.ma\/hcp-60-des-menages-ont-des-difficultes-dacces-aux-aides-publiques-140891\/\">60% des m\u00e9nages ont des difficult\u00e9s d\u2019acc\u00e8s aux aides publiques<\/a><\/p>\n<p>\u2013 Le PPS appelle de nouveau le gouvernement \u00e0 trouver une solution rapide et efficace aux Marocains retenus \u00e0 l\u2019\u00e9tranger et \u00e0 mettre fin, ne serait-ce que progressivement, \u00e0 leurs grandes souffrances psychologiques et sociales.<\/p>\n<p>\u2013 Le bureau demande au gouvernement de pr\u00e9parer les conditions sine qua non \u00e0 un d\u00e9confinement r\u00e9ussi et enregistre positivement la reprise par un certain nombre d\u2019unit\u00e9s \u00e9conomiques de leurs activit\u00e9s et insiste \u00e9galement sur la n\u00e9cessit\u00e9 d\u2019adopter le plus haut niveau de pr\u00e9caution et de vigilance, de veiller fermement \u00e0 pr\u00e9parer tous les moyens et les conditions de pr\u00e9vention et de salubrit\u00e9 et de contr\u00f4ler leur mise en \u0153uvre dans les espaces professionnels et les lieux de travail, afin d\u2019\u00e9viter l\u2019apparition de nouveaux foyers qui mettraient \u00e0 mal tous les acquis r\u00e9alis\u00e9s par notre pays dans son combat contre la pand\u00e9mie.<\/p>\n<p>\u2013 Le bureau demande au gouvernement de pr\u00e9parer l\u2019environnement et les moyens pour une sortie progressive du confinement apr\u00e8s le 10 juin, d\u2019engager, d\u00e8s \u00e0 pr\u00e9sent, des actions pour une large sensibilisation des citoyennes et citoyens aux mesures qui perdureront \u00e0 l\u2019avenir et d\u2019\u00e9largir le plus possible le d\u00e9pistage.<\/p>\n<p>\u2013 Il est \u00e9galement demand\u00e9 au gouvernement de soumettre ses orientations pour l\u2019avenir \u00e0 un d\u00e9bat public qui exploiterait la dimension d\u00e9mocratique pour renforcer la confiance, et aussi de bien pr\u00e9parer l\u2019apr\u00e8s-pand\u00e9mie, de poser les d\u00e9fis et de soumettre les <strong>orientations<\/strong> susceptibles de les relever \u00e0 un large d\u00e9bat public et institutionnel qui associerait les institutions, les forces vives nationales, sociales, \u00e9conomiques et professionnels diverses et les partis politiques et autres experts, afin d\u2019exploiter la dimension d\u00e9mocratique dans le renforcement de l\u2019unit\u00e9 nationale et la consolidation de la confiance.<\/p>\n<p>\u2013 Le parti appelle aussi le gouvernement \u00e0 adopter une approche de communication plus performante et transparente \u00e0 l\u2019\u00e9gard de l\u2019opinion publique nationale et \u00e0 montrer le minimum requis d\u2019homog\u00e9n\u00e9it\u00e9 dans l\u2019annonce des mesures et d\u00e9cisions, de mani\u00e8re \u00e0 instaurer la s\u00e9r\u00e9nit\u00e9 et la confiance chez les citoyennes et citoyens et les diff\u00e9rents acteurs sociaux et \u00e9conomiques.<\/p>\n<p>\u2013\u00a0 Le PPS se f\u00e9licite du succ\u00e8s de la session extraordinaire du comit\u00e9 central \u00e0 distance et appelle les diff\u00e9rentes composantes du parti \u00e0 se pr\u00e9parer \u00e0 affronter les d\u00e9fis de l\u2019apr\u00e8s-pand\u00e9mie et enregistre avec fiert\u00e9 le grand succ\u00e8s de la session extraordinaire du comit\u00e9 central, tenue \u00e0 distance le 16 mai 2020, \u00e0 travers la profondeur de la discussion sur le rapport du bureau politique, la pertinence des conclusions et propositions contenues dans la d\u00e9claration finale, outre la r\u00e9ussite dans les aspects techniques et de communication pour accompagner le tout. Il consid\u00e8re que ce succ\u00e8s retentissant confirme la vivacit\u00e9 du parti et le dynamisme de ses structures et organisations et de ses militantes et militants auxquels il adresse un grand salut militant.<\/p>\n<p>\u2013 Le bureau appelle toutes les militantes et militants du parti \u00e0 perp\u00e9tuer la mobilisation et la dynamique actuelles et \u00e0 bien pr\u00e9parer l\u2019apr\u00e8s 10 juin prochain, \u00e9tant donn\u00e9 les difficult\u00e9s qui marqueront la situation. Cela n\u00e9cessitera notre pr\u00e9sence aux cot\u00e9s des citoyennes et citoyens au c\u0153ur m\u00eame de leurs pr\u00e9occupations quotidiennes, en harmonie avec le souci de notre parti de renforcer la coordination avec l\u2019espace du camp national et d\u00e9mocratique et les partis de l\u2019opposition et avec la gauche et de faire l\u2019effort requis en vue de l\u2019\u00e9mergence d\u2019un mouvement citoyen et social.<\/p>\n<div class=\"c17\">\n<fieldset class=\"c16\">\n<legend><strong><span class=\"c11\">Challenge<\/span><span class=\"c12\">news<\/span><\/strong><\/legend>\n<div class=\"c15\">Le meilleur de Challenge s\u00e9lectionn\u00e9 par la r\u00e9daction :<\/p>\n<\/div>\n<\/fieldset>\n<\/div>\n<p>Auteur: challenge<br \/>\n<a href=\"https:\/\/www.challenge.ma\/coronavirus-le-pps-appelle-le-gouvernement-a-garantir-les-conditions-necessaires-pour-un-deconfinement-reussi-140981\/\">Cliquez ici pour lire l&rsquo;article depuis sa source.<\/a><\/p>\n","protected":false},"excerpt":{"rendered":"<p>Le bureau politique du Parti du Progr\u00e8s et du Socialisme a tenu sa r\u00e9union hebdomadaire, mardi 19 mai 2020. Voici les points cl\u00e9s de cette rencontre. Le bureau a ainsi exhort\u00e9 les citoyens et citoyennes \u00e0 respecter le confinement et a demand\u00e9 au gouvernement de prendre en charge les centaines de milliers de familles qui [&hellip;]<\/p>\n","protected":false},"author":1787,"featured_media":0,"comment_status":"closed","ping_status":"closed","sticky":false,"template":"","format":"standard","meta":{"fifu_image_url":"","fifu_image_alt":"","footnotes":""},"categories":[78,54],"tags":[],"class_list":["post-86193","post","type-post","status-publish","format-standard","hentry","category-economie","category-maroc"],"_links":{"self":[{"href":"https:\/\/linitiative.ca\/International\/wp-json\/wp\/v2\/posts\/86193","targetHints":{"allow":["GET"]}}],"collection":[{"href":"https:\/\/linitiative.ca\/International\/wp-json\/wp\/v2\/posts"}],"about":[{"href":"https:\/\/linitiative.ca\/International\/wp-json\/wp\/v2\/types\/post"}],"author":[{"embeddable":true,"href":"https:\/\/linitiative.ca\/International\/wp-json\/wp\/v2\/users\/1787"}],"replies":[{"embeddable":true,"href":"https:\/\/linitiative.ca\/International\/wp-json\/wp\/v2\/comments?post=86193"}],"version-history":[{"count":0,"href":"https:\/\/linitiative.ca\/International\/wp-json\/wp\/v2\/posts\/86193\/revisions"}],"wp:attachment":[{"href":"https:\/\/linitiative.ca\/International\/wp-json\/wp\/v2\/media?parent=86193"}],"wp:term":[{"taxonomy":"category","embeddable":true,"href":"https:\/\/linitiative.ca\/International\/wp-json\/wp\/v2\/categories?post=86193"},{"taxonomy":"post_tag","embeddable":true,"href":"https:\/\/linitiative.ca\/International\/wp-json\/wp\/v2\/tags?post=86193"}],"curies":[{"name":"wp","href":"https:\/\/api.w.org\/{rel}","templated":true}]}}