{"id":86194,"date":"2020-05-20T17:08:25","date_gmt":"2020-05-20T21:08:25","guid":{"rendered":"https:\/\/linitiative.ca\/International\/coronavirus-lue-octroie-plus-de-1-milliard-de-dh-de-financement-au-maroc\/"},"modified":"2020-05-20T17:08:25","modified_gmt":"2020-05-20T21:08:25","slug":"coronavirus-lue-octroie-plus-de-1-milliard-de-dh-de-financement-au-maroc","status":"publish","type":"post","link":"https:\/\/linitiative.ca\/International\/coronavirus-lue-octroie-plus-de-1-milliard-de-dh-de-financement-au-maroc\/","title":{"rendered":"Coronavirus : L\u2019UE octroie plus de 1 milliard de DH de financement au Maroc"},"content":{"rendered":"<p><strong>Les deux partenaires ont r\u00e9cemment sign\u00e9 une convention de 1,1 milliard de DH visant \u00e0 soutenir le financement du secteur de la sant\u00e9 au Maroc, dans ce contexte particulier de la pand\u00e9mie du coronavirus.<\/strong><\/p>\n<div class=\"c10\"\/>\n<p>\u00a0Le <strong>Maroc<\/strong> et l\u2019Union Europ\u00e9enne (UE) renforcent leur partenariat dans ce contexte difficile marqu\u00e9 par la pand\u00e9mie du coronavirus. Dans ce sens, les deux parties viennent de signer une convention en vertu de laquelle le Maroc obtient un <strong>financement<\/strong> de 1,1 milliard de DH pour soutenir le secteur de la Sant\u00e9. Ladite convention accompagnera aussi les futures solutions post-crise Covid-19, en contribuant \u00e0 rendre le secteur de la sant\u00e9 plus r\u00e9silient face aux \u00e9ventuelles <strong>crises sanitaires futures<\/strong>, apprend-t-on. Claudia Wiedey, ambassadrice de l\u2019Union europ\u00e9enne au Maroc, a fait savoir que cette convention est une partie de l\u2019appui d\u2019urgence de l\u2019UE pour lutter contre la pand\u00e9mie Covid-19.<\/p>\n<p>Lire aussi: <a href=\"https:\/\/www.challenge.ma\/lemergence-dun-ecosysteme-fort-de-startups-innovantes-devrait-etre-au-coeur-du-plan-de-relance-140917\/\">\u00ab L\u2019\u00e9mergence d\u2019un \u00e9cosyst\u00e8me fort de startups innovantes devrait \u00eatre au c\u0153ur du plan de relance \u00bb<\/a><\/p>\n<p>\u00ab\u00a0Je suis tr\u00e8s heureuse de constater que cette lutte commence \u00e0 porter ses fruits, gr\u00e2ce \u00e0 l\u2019implication de toutes et tous. Notre partenariat dans le secteur de la sant\u00e9, qui date de plus de vingt ans, sera \u00e0 la hauteur des enjeux\u00a0\u00bb, a-t-elle soulign\u00e9. Notons que ce programme a pour but de soutenir notamment trois <strong>priorit\u00e9s<\/strong> fortes du plan sant\u00e9 2025, \u00e0 savoir l\u2019am\u00e9lioration de la qualit\u00e9 et de la s\u00e9curit\u00e9 des soins, l\u2019accompagnement dans la gestion humaine et financi\u00e8re du syst\u00e8me hospitalier ainsi que l\u2019appui \u00e0 la mise en \u0153uvre de la territorialisation des <strong>services de sant\u00e9<\/strong>. Cet appui budg\u00e9taire comprend \u00e9galement un volet de soutien aux femmes et enfants victimes de violences.<br \/>\u00a0D\u2019autre part, un compl\u00e9ment sera d\u00e9di\u00e9 \u00e0 la mise en place d\u2019une assistance technique pour renforcer les capacit\u00e9s du <strong>syst\u00e8me national de sant\u00e9<\/strong> dans la pr\u00e9paration, la gestion et la riposte aux crises sanitaires, souligne la m\u00eame source, ajoutant que ces fonds seront \u00e9galement destin\u00e9s \u00e0 l\u2019acquisition de mat\u00e9riels, d\u2019\u00e9quipement biom\u00e9dical, et de dispositifs m\u00e9dicaux n\u00e9cessaires pour agir face \u00e0 ces crises.<\/p>\n<div class=\"c17\">\n<fieldset class=\"c16\">\n<legend><strong><span class=\"c11\">Challenge<\/span><span class=\"c12\">news<\/span><\/strong><\/legend>\n<div class=\"c15\">Le meilleur de Challenge s\u00e9lectionn\u00e9 par la r\u00e9daction :<\/p>\n<\/div>\n<\/fieldset>\n<\/div>\n<p>Auteur: challenge<br \/>\n<a href=\"https:\/\/www.challenge.ma\/coronavirus-lue-octroie-plus-de-1-milliard-de-dh-de-financement-au-maroc-140994\/\">Cliquez ici pour lire l&rsquo;article depuis sa source.<\/a><\/p>\n","protected":false},"excerpt":{"rendered":"<p>Les deux partenaires ont r\u00e9cemment sign\u00e9 une convention de 1,1 milliard de DH visant \u00e0 soutenir le financement du secteur de la sant\u00e9 au Maroc, dans ce contexte particulier de la pand\u00e9mie du coronavirus. \u00a0Le Maroc et l\u2019Union Europ\u00e9enne (UE) renforcent leur partenariat dans ce contexte difficile marqu\u00e9 par la pand\u00e9mie du coronavirus. Dans ce [&hellip;]<\/p>\n","protected":false},"author":1787,"featured_media":0,"comment_status":"closed","ping_status":"closed","sticky":false,"template":"","format":"standard","meta":{"fifu_image_url":"","fifu_image_alt":"","footnotes":""},"categories":[78,54],"tags":[],"class_list":["post-86194","post","type-post","status-publish","format-standard","hentry","category-economie","category-maroc"],"_links":{"self":[{"href":"https:\/\/linitiative.ca\/International\/wp-json\/wp\/v2\/posts\/86194","targetHints":{"allow":["GET"]}}],"collection":[{"href":"https:\/\/linitiative.ca\/International\/wp-json\/wp\/v2\/posts"}],"about":[{"href":"https:\/\/linitiative.ca\/International\/wp-json\/wp\/v2\/types\/post"}],"author":[{"embeddable":true,"href":"https:\/\/linitiative.ca\/International\/wp-json\/wp\/v2\/users\/1787"}],"replies":[{"embeddable":true,"href":"https:\/\/linitiative.ca\/International\/wp-json\/wp\/v2\/comments?post=86194"}],"version-history":[{"count":0,"href":"https:\/\/linitiative.ca\/International\/wp-json\/wp\/v2\/posts\/86194\/revisions"}],"wp:attachment":[{"href":"https:\/\/linitiative.ca\/International\/wp-json\/wp\/v2\/media?parent=86194"}],"wp:term":[{"taxonomy":"category","embeddable":true,"href":"https:\/\/linitiative.ca\/International\/wp-json\/wp\/v2\/categories?post=86194"},{"taxonomy":"post_tag","embeddable":true,"href":"https:\/\/linitiative.ca\/International\/wp-json\/wp\/v2\/tags?post=86194"}],"curies":[{"name":"wp","href":"https:\/\/api.w.org\/{rel}","templated":true}]}}