{"id":86210,"date":"2020-05-20T03:53:25","date_gmt":"2020-05-20T07:53:25","guid":{"rendered":"https:\/\/linitiative.ca\/International\/discours-sur-la-situation-de-la-nation-les-reponses-aux-questions-des-deputes\/"},"modified":"2020-05-20T03:53:25","modified_gmt":"2020-05-20T07:53:25","slug":"discours-sur-la-situation-de-la-nation-les-reponses-aux-questions-des-deputes","status":"publish","type":"post","link":"https:\/\/linitiative.ca\/International\/discours-sur-la-situation-de-la-nation-les-reponses-aux-questions-des-deputes\/","title":{"rendered":"Discours sur la situation de la nation   : les r\u00e9ponses aux questions des d\u00e9put\u00e9s"},"content":{"rendered":"<div class=\"td-post-featured-image\"><a href=\"https:\/\/www.sidwaya.info\/wp-content\/uploads\/2020\/05\/1-48.jpg\" data-caption=\"\"><img loading=\"lazy\" decoding=\"async\" width=\"595\" height=\"405\" class=\"entry-thumb td-modal-image\" src=\"https:\/\/www.sidwaya.info\/wp-content\/uploads\/2020\/05\/1-48.jpg\" srcset=\"https:\/\/www.sidwaya.info\/wp-content\/uploads\/2020\/05\/1-48.jpg 595w, https:\/\/www.sidwaya.info\/wp-content\/uploads\/2020\/05\/1-48-300x204.jpg 300w\" sizes=\"auto, (max-width: 595px) 100vw, 595px\" alt=\"\" title=\"1\"\/><\/a><\/div>\n<p><strong>Apr\u00e8s avoir prononc\u00e9 son discours sur la situation de la nation devant le Parlement, le mardi 19 mai 2020, le Premier ministre, Christophe Joseph Marie Dabir\u00e9, s\u2019est ensuite pr\u00eat\u00e9 aux questions des \u00e9lus nationaux.<\/strong><\/p>\n<p>La situation s\u00e9curitaire et la gestion des d\u00e9plac\u00e9s internes pr\u00e9occupent plus d\u2019un d\u00e9put\u00e9 \u00e0 l\u2019Assembl\u00e9e nationale. En effet, \u00e0 l\u2019issue de son traditionnel Discours sur la situation de la nation, le Premier ministre, Christophe Joseph Marie Dabir\u00e9, s\u2019est ensuite pr\u00eat\u00e9 aux questions des d\u00e9put\u00e9s. Pendant plus d\u2019une heure d\u2019horloge, les \u00e9lus nationaux des diff\u00e9rents groupes parlementaires ont voulu assouvir leur curiosit\u00e9 sur toutes les actions du gouvernement. La tenue \u00e0 bonne date des \u00e9lections de 2020, les suppos\u00e9es ex\u00e9cutions extrajudiciaires de personnes par les Forces de d\u00e9fense et de s\u00e9curit\u00e9, l\u2019\u00e9tat des h\u00f4pitaux publics, la r\u00e9ouverture des classes \u2026, rien n\u2019a \u00e9t\u00e9 n\u00e9glig\u00e9. Si certains parlementaires ont f\u00e9licit\u00e9 le gouvernement pour ses efforts de d\u00e9veloppement, pour la transparence dans la gestion des affaires publiques, d\u2019autres par contre sont inquiets notamment sur la d\u00e9gradation de la situation humanitaire au Burkina Faso.<\/p>\n<p>Le bien-fond\u00e9 des \u00e9lections prochaines dans ce contexte marqu\u00e9 par la crise s\u00e9curitaire et sanitaire a \u00e9t\u00e9 soulev\u00e9. Pour le chef du gouvernement, il s\u2019agit d\u2019une exigence d\u00e9mocratique. \u00ab Nous travaillons \u00e0 sa tenue \u00e0 bonne date. Mais il s\u2019agit d\u2019une d\u00e9cision de la classe politique et \u00e9galement de la situation du moment. Nous, \u00e0 notre niveau, nous travaillons \u00e0 mobiliser des ressources aupr\u00e8s de nos partenaires \u00bb, a-t-il pr\u00e9cis\u00e9. Sur la l\u00e9galit\u00e9 du fichier \u00e9lectoral, a-t-il poursuivi, le travail est confi\u00e9 \u00e0 la Commission \u00e9lectorale nationale ind\u00e9pendante (CENI) et c\u2019est elle qui pourra se prononcer sur sa fiabilit\u00e9.<\/p>\n<div class=\"td-a-rec td-a-rec-id-content_inline tdi_30_5c5 td_block_template_1\"><img loading=\"lazy\" decoding=\"async\" class=\"aligncenter size-full wp-image-21314\" src=\"https:\/\/www.sidwaya.info\/wp-content\/uploads\/2020\/04\/Bandeau-Covid-19-Sidwaya-1.jpg\" alt=\"\" width=\"790\" height=\"98\"\/><\/div>\n<p>Plusieurs personnes sont victimes d\u2019ex\u00e9cution sommaire comme le cas r\u00e9cent de Tawalbougou o\u00f9 12 personnes pr\u00e9sum\u00e9es terroristes ont perdu la vie, \u00e0 tel point que certains organismes internationaux ne cessent d\u2019interpeller le gouvernement. Qu\u2019est-ce qui explique ces manquements et qu\u2019est-ce qui est pr\u00e9vu pour \u00e9viter la d\u00e9gradation de la coh\u00e9sion sociale ? A cette question d\u2019un \u00e9lu national, le Premier ministre a invit\u00e9 les d\u00e9put\u00e9s \u00e0 faire confiance en la justice. \u00ab Nous sommes engag\u00e9s dans la construction d\u2019un Etat de droit. Il faut qu\u2019on laisse les institutions judiciaires rendre la justice \u00e0 la population. J\u2019ai confiance \u00e0 notre justice et le processus entam\u00e9 permettra de parvenir \u00e0 la v\u00e9rit\u00e9\u00bb, a laiss\u00e9 entendre le chef du gouvernement, tout en pr\u00e9sentant ses condol\u00e9ances aux familles des victimes. Relativement au calvaire v\u00e9cu par les FDS sur le terrain des combats, il a reconnu qu\u2019il y a des difficult\u00e9s que le gouvernement travaille \u00e0 r\u00e9soudre.<\/p>\n<p><strong>Bient\u00f4t du renfort pour l\u2019Est<\/strong><\/p>\n<p>La situation s\u00e9curitaire nationale conna\u00eet par endroit des d\u00e9gradations. A l\u2019Est par exemple, a indiqu\u00e9 le Premier ministre, apr\u00e8s l\u2019op\u00e9ration \u00e0 succ\u00e8s l\u2019ann\u00e9e derni\u00e8re, le gouvernement est de nos jours fr\u00e9quemment sollicit\u00e9. Mais, a-t-il rassur\u00e9, le minist\u00e8re en charge de la d\u00e9fense, dans les jours \u00e0 venir, va d\u00e9ployer des unit\u00e9s avec des colonels majors pour coordonner les op\u00e9rations sur le terrain en vue de permettre l\u2019avanc\u00e9e dans la lutte contre le terrorisme.<br \/>Quant au sort de plus de 800 000 d\u00e9plac\u00e9s interne, \u00e0 l\u2019approche de la saison des pluies et dont plusieurs sont des cultivateurs, le gouvernement fait des efforts pour leur retour progressif dans leurs villages d\u2019origine. \u00ab \u00c7a va prendre du temps, mais nous sommes \u00e0 pied d\u2019\u0153uvre.<\/p>\n<p>D\u00e9j\u00e0, les efforts faits par le minist\u00e8re en charge de l\u2019action humanitaire pour la prise en charge de ces personnes sont extraordinaires et salu\u00e9s par la communaut\u00e9 internationale \u00bb, a relev\u00e9 M. Dabir\u00e9. Sur la question de la construction de l\u2019h\u00f4pital militaire de 300 lits \u00e0 Ouagadougou, a annonc\u00e9 le chef du gouvernement, les \u00e9tudes sont achev\u00e9es et les travaux pourront \u00eatre lanc\u00e9s d\u2019ici la fin de l\u2019ann\u00e9e 2020. Quid de l\u2019h\u00f4pital de Bobo Dioulasso (for\u00eat de Kua) ? \u00ab Il est toujours d\u2019actualit\u00e9. Nous avons commandit\u00e9 une \u00e9tude d\u2019impact environnementale et le cabinet en charge a d\u00e9j\u00e0 d\u00e9pos\u00e9 son rapport pr\u00e9liminaire \u00bb, a r\u00e9pondu M. Dabir\u00e9, tout en relevant que la maladie \u00e0 coronavirus a mis en \u00e9vidence les insuffisances du syst\u00e8me sanitaire burkinab\u00e8. \u00ab Tous les h\u00f4pitaux connaissent des difficult\u00e9s et nous sommes en perp\u00e9tuelle r\u00e9flexion pour apporter des solutions \u00bb, a-t-il inform\u00e9.<br \/>Le chevauchement des ann\u00e9es acad\u00e9miques dans les universit\u00e9s publiques, la reprise des cours dans les \u00e9tablissements scolaires sont plusieurs fois revenus dans les pr\u00e9occupations des parlementaires.<\/p>\n<p>S\u2019agissant du premier cas, des efforts, \u00e0 entendre le chef du gouvernement, sont faits notamment par le renforcement des capacit\u00e9s d\u2019accueil, la mise en place de l\u2019universit\u00e9 virtuelle, la cr\u00e9ation des centres universitaires r\u00e9gionaux. \u00ab Un travail important est fait pour \u00e9viter le chevauchement des ann\u00e9es acad\u00e9miques \u00bb, a-t-il rench\u00e9ri. La r\u00e9ouverture des salles de classe se fera progressivement. \u00ab Si le 1er juin, toutes les conditions ne sont pas r\u00e9unis ou si des difficult\u00e9s sanitaires surviennent, il ne sera pas responsable pour le gouvernement d\u2019autoriser cette ouverture \u00bb, a-t-il pr\u00e9venu.<\/p>\n<p class=\"c1\"><strong>Adama SEDGO<\/strong><\/p>\n<div class=\"td-a-rec td-a-rec-id-content_bottom tdi_31_c15 td_block_template_1\"><img loading=\"lazy\" decoding=\"async\" class=\"aligncenter size-full wp-image-9623\" src=\"https:\/\/www.sidwaya.info\/wp-content\/uploads\/2019\/06\/Projet-bannie\u0300re-Orange-mobile.jpg\" alt=\"\" width=\"728\" height=\"81\"\/><\/div>\n<p>Auteur: DD. Sidwaya<br \/>\n<a href=\"https:\/\/www.sidwaya.info\/blog\/2020\/05\/20\/discours-sur-la-situation-de-la-nation-les-reponses-aux-questions-des-deputes\/\">Cliquez ici pour lire l&rsquo;article depuis sa source.<\/a><\/p>\n","protected":false},"excerpt":{"rendered":"<p>Apr\u00e8s avoir prononc\u00e9 son discours sur la situation de la nation devant le Parlement, le mardi 19 mai 2020, le Premier ministre, Christophe Joseph Marie Dabir\u00e9, s\u2019est ensuite pr\u00eat\u00e9 aux questions des \u00e9lus nationaux. La situation s\u00e9curitaire et la gestion des d\u00e9plac\u00e9s internes pr\u00e9occupent plus d\u2019un d\u00e9put\u00e9 \u00e0 l\u2019Assembl\u00e9e nationale. En effet, \u00e0 l\u2019issue de [&hellip;]<\/p>\n","protected":false},"author":1816,"featured_media":86211,"comment_status":"closed","ping_status":"closed","sticky":false,"template":"","format":"standard","meta":{"fifu_image_url":"","fifu_image_alt":"","footnotes":""},"categories":[73,81],"tags":[],"class_list":["post-86210","post","type-post","status-publish","format-standard","has-post-thumbnail","hentry","category-actualite","category-burkina-faso"],"_links":{"self":[{"href":"https:\/\/linitiative.ca\/International\/wp-json\/wp\/v2\/posts\/86210","targetHints":{"allow":["GET"]}}],"collection":[{"href":"https:\/\/linitiative.ca\/International\/wp-json\/wp\/v2\/posts"}],"about":[{"href":"https:\/\/linitiative.ca\/International\/wp-json\/wp\/v2\/types\/post"}],"author":[{"embeddable":true,"href":"https:\/\/linitiative.ca\/International\/wp-json\/wp\/v2\/users\/1816"}],"replies":[{"embeddable":true,"href":"https:\/\/linitiative.ca\/International\/wp-json\/wp\/v2\/comments?post=86210"}],"version-history":[{"count":0,"href":"https:\/\/linitiative.ca\/International\/wp-json\/wp\/v2\/posts\/86210\/revisions"}],"wp:featuredmedia":[{"embeddable":true,"href":"https:\/\/linitiative.ca\/International\/wp-json\/"}],"wp:attachment":[{"href":"https:\/\/linitiative.ca\/International\/wp-json\/wp\/v2\/media?parent=86210"}],"wp:term":[{"taxonomy":"category","embeddable":true,"href":"https:\/\/linitiative.ca\/International\/wp-json\/wp\/v2\/categories?post=86210"},{"taxonomy":"post_tag","embeddable":true,"href":"https:\/\/linitiative.ca\/International\/wp-json\/wp\/v2\/tags?post=86210"}],"curies":[{"name":"wp","href":"https:\/\/api.w.org\/{rel}","templated":true}]}}