{"id":86215,"date":"2020-05-20T14:18:03","date_gmt":"2020-05-20T18:18:03","guid":{"rendered":"https:\/\/linitiative.ca\/International\/covid-19-des-medias-numeriques-ivoiriens-pris-au-piege-des-fake-news-rapport-repprelci\/"},"modified":"2020-05-20T14:18:03","modified_gmt":"2020-05-20T18:18:03","slug":"covid-19-des-medias-numeriques-ivoiriens-pris-au-piege-des-fake-news-rapport-repprelci","status":"publish","type":"post","link":"https:\/\/linitiative.ca\/International\/covid-19-des-medias-numeriques-ivoiriens-pris-au-piege-des-fake-news-rapport-repprelci\/","title":{"rendered":"Covid-19: des m\u00e9dias num\u00e9riques ivoiriens pris au pi\u00e8ge des fake news (rapport REPPRELCI)"},"content":{"rendered":"<div readability=\"32\">\n<p>Publi\u00e9 le 20.05.2020 \u00e0 19h18 par APA News<\/p>\n<\/div>\n<div readability=\"139\">\n<p>Le R\u00e9seau des professionnels de la presse en ligne de C\u00f4te d\u2019Ivoire (REPPRELCI), a publi\u00e9 mardi un rapport de monitoring qui r\u00e9v\u00e8le des fake news (fausses informations) li\u00e9es \u00e0 la pand\u00e9mie du Covid-19, notamment relay\u00e9es par des m\u00e9dias num\u00e9riques et les r\u00e9seaux sociaux.Selon le rapport hebdomadaire de monitoring du REPPRELCI, l\u2019information selon laquelle la compagnie a\u00e9rienne Air France reprendrait ses vols \u00e0 partir du 03 juin 2020 vers les pays africains en g\u00e9n\u00e9ral et la C\u00f4te d\u2019Ivoire en particulier, relay\u00e9e sur les r\u00e9seaux et par de nombreux m\u00e9dias num\u00e9riques est un fake news.<\/p>\n<p>Cette information a \u00e9t\u00e9 relay\u00e9e notamment par \u00ab le site internet du quotidien L\u2019Expression, Operanews, Connection Ivoirienne et Apr-news \u00bb. Or, apr\u00e8s v\u00e9rification aupr\u00e8s de la compagnie a\u00e9rienne fran\u00e7aise, \u00ab cette information s\u2019est av\u00e9r\u00e9e fausse \u00bb.\u00a0<\/p>\n<p>Ce programme de reprise des vols vers la C\u00f4te d\u2019Ivoire et plusieurs pays africains largement relay\u00e9 n\u2019a pas \u00e9t\u00e9 communiqu\u00e9 par Air France, indique le rapport du REPPRELCI qui invite les m\u00e9dias num\u00e9riques \u00e0 s\u2019assurer de la v\u00e9racit\u00e9 des informations et de leur authenticit\u00e9 avant publication. \u00a0<\/p>\n<p>Depuis l\u2019annonce du premier cas de la pand\u00e9mie \u00e0 coronavirus en C\u00f4te d\u2019Ivoire, le R\u00e9seau des professionnels de la presse en ligne de C\u00f4te d\u2019Ivoire (REPPRELCI) s\u2019est assign\u00e9 pour mission de contribuer \u00e0 la sensibilisation sur la Covid-19 et de lutter efficacement contre la d\u00e9sinformation.<\/p>\n<p>Ce travail est effectu\u00e9 \u00e0 travers son organe d\u2019autor\u00e9gulation, l\u2019Observatoire des m\u00e9dias num\u00e9riques de C\u00f4te d\u2019Ivoire (OMENCI), en collaboration avec son site de fact-checking \u00a0ivoirecovid19check.com mis en place avec l\u2019appui du Bureau de l\u2019UNESCO \u00e0 Abidjan.<\/p>\n<p>Il s\u2019agit du deuxi\u00e8me rapport de monitoring de l\u2019organisation sur la pand\u00e9mie \u00e0 Covid-19. Celui-ci couvre la p\u00e9riode du 11 mai au 17 mai 2020, et rel\u00e8ve des fausses informations publi\u00e9es par des m\u00e9dias num\u00e9riques ou sur les r\u00e9seaux sociaux ainsi que le suivi du respect des mesures barri\u00e8res annonc\u00e9es par le gouvernement ivoirien.\u00a0<\/p>\n<p>Le rapport atteste \u00e9galement des informations qui peuvent susciter le doute. Il note qu\u2019un communiqu\u00e9 partag\u00e9 en C\u00f4te d\u2019Ivoire le 13 mai 2020 sur les r\u00e9seaux sociaux, notamment WhatsApp, apprend que les passagers \u00e0 destination de Cotonou doivent payer 100.000 FCFA pour effectuer des tests \u00e0 l\u2019a\u00e9roport de Cotonou relativement \u00e0 la maladie \u00e0 coronavirus, ce qui a affol\u00e9 la toile.\u00a0<\/p>\n<p>\u00ab Apr\u00e8s v\u00e9rification aupr\u00e8s de sources fiables, Ivoirecovid19check confirme que cette information est exacte \u00bb, assure le rapport de monitoring du R\u00e9seau des professionnels de la presse en ligne de C\u00f4te d\u2019Ivoire (REPPRELCI).<\/p>\n<p>Doit-on dire le Covid-19 ou la Covid-19 ? des expressions qui ont \u00e9t\u00e9 invariablement utilis\u00e9es dans les m\u00e9dias et dans les publications de l\u2019Organisation mondiale de la sant\u00e9 (OMS). A ce sujet le rapport ressort que l\u2019Acad\u00e9mie Fran\u00e7aise pr\u00e9conise plut\u00f4t l\u2019appellation \u00ab la Covid-19 \u00bb.<\/p>\n<p>Pour \u00e9viter de propager des fausses informations, le REPPRELCI exhorte les m\u00e9dias et les citoyens \u00e0 avoir les bons r\u00e9flexes, insistant que toute publication doit mentionner la source (d\u00e9claration, conf\u00e9rence, communiqu\u00e9, auteur, etc.) ou les liens pertinents lorsque la source est disponible en ligne (article, revue, rapport, \u00e9tude, etc.) pour permettent aux lecteurs de v\u00e9rifier par eux-m\u00eames.<\/p>\n<p>La transparence des sources est indispensable car elle permet au public de v\u00e9rifier avant de publier ou de partager une information, rappelle l\u2019organisation, qui fait observer que les publications sur les r\u00e9seaux sociaux (Facebook, Twitter, WhatsApp, YouTube, etc.) peuvent provenir de sources peu fiables ou d\u2019officines de manipulation. Par cons\u00e9quent, il est conseill\u00e9 d\u2019identifier d\u2019abord la source ou l\u2019auteur d\u2019une publication afin de remonter \u00e0 la source de l\u2019information.\u00a0<\/p>\n<p>En C\u00f4te d\u2019Ivoire, les fake news ou fausses nouvelles sont punies par la loi. Les citoyens et les acteurs de la presse peuvent \u00eatre sanctionn\u00e9s. L\u2019article 97 de la loi sur le r\u00e9gime de la presse stipule que la publication, la diffusion, la divulgation ou la reproduction de fausses nouvelles, de pi\u00e8ces fabriqu\u00e9es, falsifi\u00e9es ou mensong\u00e8rement attribu\u00e9es \u00e0 des tiers est punie d\u2019une amende de 1 million \u00e0 5 millions FCfa.<\/p>\n<p>Selon les articles 229 et 231 du code p\u00e9nal, la diffusion par les citoyens d\u2019informations mensong\u00e8res, de rumeurs ou la diffamation est punie d\u2019un emprisonnement de cinq \u00e0 dix ans et d\u2019une amende de 500 000 \u00e0 5 millions de F Cfa.<\/p>\n<p>Le REPPRELCI est une organisation cr\u00e9\u00e9e en 2006, regroupant les acteurs de la presse num\u00e9rique en C\u00f4te d\u2019Ivoire. Cette fa\u00eeti\u00e8re des m\u00e9dias num\u00e9riques ivoiriens s\u2019est donn\u00e9e pour mission d\u2019organiser, structurer et promouvoir la presse num\u00e9rique en C\u00f4te d\u2019Ivoire.<\/p>\n<\/div>\n<p>Auteur: APA News<br \/>\n<a href=\"https:\/\/www.journalducameroun.com\/covid-19-des-medias-numeriques-ivoiriens-pris-au-piege-des-fake-news-rapport-repprelci\/\">Cliquez ici pour lire l&rsquo;article depuis sa source.<\/a><\/p>\n","protected":false},"excerpt":{"rendered":"<p>Publi\u00e9 le 20.05.2020 \u00e0 19h18 par APA News Le R\u00e9seau des professionnels de la presse en ligne de C\u00f4te d\u2019Ivoire (REPPRELCI), a publi\u00e9 mardi un rapport de monitoring qui r\u00e9v\u00e8le des fake news (fausses informations) li\u00e9es \u00e0 la pand\u00e9mie du Covid-19, notamment relay\u00e9es par des m\u00e9dias num\u00e9riques et les r\u00e9seaux sociaux.Selon le rapport hebdomadaire de [&hellip;]<\/p>\n","protected":false},"author":1965,"featured_media":0,"comment_status":"closed","ping_status":"closed","sticky":false,"template":"","format":"standard","meta":{"fifu_image_url":"","fifu_image_alt":"","footnotes":""},"categories":[73,82],"tags":[],"class_list":["post-86215","post","type-post","status-publish","format-standard","hentry","category-actualite","category-cameroun"],"_links":{"self":[{"href":"https:\/\/linitiative.ca\/International\/wp-json\/wp\/v2\/posts\/86215","targetHints":{"allow":["GET"]}}],"collection":[{"href":"https:\/\/linitiative.ca\/International\/wp-json\/wp\/v2\/posts"}],"about":[{"href":"https:\/\/linitiative.ca\/International\/wp-json\/wp\/v2\/types\/post"}],"author":[{"embeddable":true,"href":"https:\/\/linitiative.ca\/International\/wp-json\/wp\/v2\/users\/1965"}],"replies":[{"embeddable":true,"href":"https:\/\/linitiative.ca\/International\/wp-json\/wp\/v2\/comments?post=86215"}],"version-history":[{"count":0,"href":"https:\/\/linitiative.ca\/International\/wp-json\/wp\/v2\/posts\/86215\/revisions"}],"wp:attachment":[{"href":"https:\/\/linitiative.ca\/International\/wp-json\/wp\/v2\/media?parent=86215"}],"wp:term":[{"taxonomy":"category","embeddable":true,"href":"https:\/\/linitiative.ca\/International\/wp-json\/wp\/v2\/categories?post=86215"},{"taxonomy":"post_tag","embeddable":true,"href":"https:\/\/linitiative.ca\/International\/wp-json\/wp\/v2\/tags?post=86215"}],"curies":[{"name":"wp","href":"https:\/\/api.w.org\/{rel}","templated":true}]}}