{"id":86216,"date":"2020-05-20T14:18:05","date_gmt":"2020-05-20T18:18:05","guid":{"rendered":"https:\/\/linitiative.ca\/International\/afrique-du-sud-un-syndicat-denseignants-contre-la-reouverture-des-ecoles\/"},"modified":"2020-05-20T14:18:05","modified_gmt":"2020-05-20T18:18:05","slug":"afrique-du-sud-un-syndicat-denseignants-contre-la-reouverture-des-ecoles","status":"publish","type":"post","link":"https:\/\/linitiative.ca\/International\/afrique-du-sud-un-syndicat-denseignants-contre-la-reouverture-des-ecoles\/","title":{"rendered":"Afrique du Sud : un syndicat d\u2019enseignants contre la r\u00e9ouverture des \u00e9coles"},"content":{"rendered":"<div readability=\"32\">\n<p>Publi\u00e9 le 20.05.2020 \u00e0 19h18 par APA News<\/p>\n<\/div>\n<div readability=\"83\">\n<p>Un syndicat d\u2019enseignants sud-africain a mis en garde mercredi contre le projet de r\u00e9ouverture des \u00e9coles du pays, affirmant qu\u2019une telle mesure mettrait en danger la vie des enfants et des communaut\u00e9s, alors que l\u2019on craint une augmentation du nombre de cas de coronavirus.Selon le Syndicat d\u00e9mocratique des enseignants d\u2019Afrique du Sud (SADTU), il reste beaucoup de travail \u00e0 faire avant que les \u00e9l\u00e8ves puissent retourner \u00e0 l\u2019\u00e9cole le 1erjuin, comme annonc\u00e9 par le gouvernement.<\/p>\n<p>\u00a0La ministre de l\u2019E\u00e9ducation de base, Angie Motshekga, a annonc\u00e9 mardi que les \u00e9coles du pays rouvriraient le 1erjuin, les \u00e9l\u00e8ves de 5\u00e8me et de terminale d\u2019abord.<\/p>\n<p>\u00a0Notant que la date de juin est trop proche pour renvoyer les \u00e9l\u00e8ves \u00e0 l\u2019\u00e9cole, le secr\u00e9taire g\u00e9n\u00e9ral du SADTU, Mugwena Maluleke, a d\u00e9clar\u00e9 que le syndicat avait men\u00e9 ses propres enqu\u00eates sur la question et constat\u00e9 que sept des neuf provinces du pays n\u2019\u00e9taient pas pr\u00eates \u00e0 reprendre les cours.<\/p>\n<p>\u00a0\u00ab L\u2019enqu\u00eate nous indique que sept provinces sont loin d\u2019\u00eatre pr\u00eates en termes d\u2019installations et d\u2019eau disponible \u00bb, a-t-il d\u00e9clar\u00e9.<\/p>\n<p>\u00a0Il a r\u00e9v\u00e9l\u00e9 que les provinces du Cap-Occidental et du Gauteng \u00ab sont au moins pr\u00eates pour la livraison de masques pour les enseignants et certains travailleurs, mais pas pour les apprenants \u00bb.<\/p>\n<p>\u00a0Les autorit\u00e9s \u00e9ducatives du pays, a-t-il d\u00e9clar\u00e9, avaient besoin d\u2019au moins deux mois pour assurer une pr\u00e9paration minutieuse \u00e0 l\u2019accueil des \u00e9l\u00e8ves, des enseignants et du personnel administratif de retour dans les \u00e9coles.<\/p>\n<p>\u00a0\u00ab Nous avons besoin de plus de deux mois pour nous pr\u00e9parer \u00e0 toutes ces choses particuli\u00e8res afin de ne pas perp\u00e9tuer les in\u00e9galit\u00e9s \u00bb, a d\u00e9clar\u00e9 M. Maluleke.<\/p>\n<p>\u00a0Le ministre a d\u00e9clar\u00e9 qu\u2019un calendrier scolaire r\u00e9vis\u00e9 serait bient\u00f4t publi\u00e9 dans la gazette pour indiquer les dates \u00e9chelonn\u00e9es de r\u00e9ouverture des autres classes dans les \u00e9coles du pays.<\/p>\n<p>\u00a0L\u2019Afrique du Sud compte jusqu\u2019ici 17.200 cas confirm\u00e9s de Covid-19, dont 312 d\u00e9c\u00e8s, alors que le pays observe le niveau 4 des mesures de restriction en vertu desquelles certains secteurs sont autoris\u00e9s \u00e0 rouvrir suite \u00e0 la mesure de confinement qui a d\u00e9but\u00e9 le 27 mars.<\/p>\n<\/div>\n<p>Auteur: APA News<br \/>\n<a href=\"https:\/\/www.journalducameroun.com\/afrique-du-sud-un-syndicat-denseignants-contre-la-reouverture-des-ecoles\/\">Cliquez ici pour lire l&rsquo;article depuis sa source.<\/a><\/p>\n","protected":false},"excerpt":{"rendered":"<p>Publi\u00e9 le 20.05.2020 \u00e0 19h18 par APA News Un syndicat d\u2019enseignants sud-africain a mis en garde mercredi contre le projet de r\u00e9ouverture des \u00e9coles du pays, affirmant qu\u2019une telle mesure mettrait en danger la vie des enfants et des communaut\u00e9s, alors que l\u2019on craint une augmentation du nombre de cas de coronavirus.Selon le Syndicat d\u00e9mocratique [&hellip;]<\/p>\n","protected":false},"author":1965,"featured_media":0,"comment_status":"closed","ping_status":"closed","sticky":false,"template":"","format":"standard","meta":{"fifu_image_url":"","fifu_image_alt":"","footnotes":""},"categories":[73,82],"tags":[],"class_list":["post-86216","post","type-post","status-publish","format-standard","hentry","category-actualite","category-cameroun"],"_links":{"self":[{"href":"https:\/\/linitiative.ca\/International\/wp-json\/wp\/v2\/posts\/86216","targetHints":{"allow":["GET"]}}],"collection":[{"href":"https:\/\/linitiative.ca\/International\/wp-json\/wp\/v2\/posts"}],"about":[{"href":"https:\/\/linitiative.ca\/International\/wp-json\/wp\/v2\/types\/post"}],"author":[{"embeddable":true,"href":"https:\/\/linitiative.ca\/International\/wp-json\/wp\/v2\/users\/1965"}],"replies":[{"embeddable":true,"href":"https:\/\/linitiative.ca\/International\/wp-json\/wp\/v2\/comments?post=86216"}],"version-history":[{"count":0,"href":"https:\/\/linitiative.ca\/International\/wp-json\/wp\/v2\/posts\/86216\/revisions"}],"wp:attachment":[{"href":"https:\/\/linitiative.ca\/International\/wp-json\/wp\/v2\/media?parent=86216"}],"wp:term":[{"taxonomy":"category","embeddable":true,"href":"https:\/\/linitiative.ca\/International\/wp-json\/wp\/v2\/categories?post=86216"},{"taxonomy":"post_tag","embeddable":true,"href":"https:\/\/linitiative.ca\/International\/wp-json\/wp\/v2\/tags?post=86216"}],"curies":[{"name":"wp","href":"https:\/\/api.w.org\/{rel}","templated":true}]}}